{"id":3868,"date":"2020-06-22T17:47:38","date_gmt":"2020-06-22T15:47:38","guid":{"rendered":"http:\/\/agora.xtec.cat\/ceippallach-figueres\/?p=3868"},"modified":"2021-10-20T09:43:55","modified_gmt":"2021-10-20T07:43:55","slug":"video-de-conarte-per-tancar-el-curs","status":"publish","type":"post","link":"https:\/\/agora.xtec.cat\/ceippallach-figueres\/6e-2022-2023\/video-de-conarte-per-tancar-el-curs\/","title":{"rendered":"V\u00eddeo de Conarte per tancar el curs"},"content":{"rendered":"<p>Aquest curs els alumnes de tercer de prim\u00e0ria van comen\u00e7ar a formar part del projecte de Conarte amb un planter de dansa. Cada dimarts a l&#8217;hora d&#8217;educaci\u00f3 F\u00edsica venia la Georgina Avil\u00e9s a guiar-nos i formar-nos en la dimensi\u00f3 de l&#8217;expressi\u00f3 corporal.<br \/>\nAquest proc\u00e9s d&#8217;aprenentatge com tots els altres es va veure aturats per la Covid-19, per\u00f2 igual que amb la resta d&#8217;\u00e0rees, l&#8217;escola i Conarte no vam voler aturar la feina del planter de dansa.<\/p>\n<p>Des de Conarte es va plantejar la possibilitat de formar part d&#8217;una creaci\u00f3 visual en format videoclip i aix\u00ed no frenar el comprom\u00eds amb les arts com a eina per transformar la societat. Des de Conarte s\u00f3n conscients que han estat uns mesos dif\u00edcils i que se n&#8217;obren d&#8217;altres plens d&#8217;incertesa, per\u00f2 \u00e9s en moments aix\u00ed que cal fer un pas endavant per reivindicar com de necessari \u00e9s el paper de les arts en el dret a l&#8217;educaci\u00f3 de qualitat i en el dret a la participaci\u00f3 cultural.<\/p>\n<p>Per tots aquest motius s&#8217;ha creat aquest videoclip on es reflexiona sobre el significat de la llar, amb la participaci\u00f3 de diferents artistes juntament amb els alumnes de l&#8217;escola i dels altres planters de dansa, m\u00fasica i teatre.<\/p>\n<div class=\"ast-oembed-container \" style=\"height: 100%;\"><iframe loading=\"lazy\" title=\"ConArte Internacional presenta: &quot;Llar&quot;\" width=\"500\" height=\"281\" src=\"https:\/\/www.youtube.com\/embed\/zuxEhw_JyXs?feature=oembed\" frameborder=\"0\" allow=\"accelerometer; autoplay; clipboard-write; encrypted-media; gyroscope; picture-in-picture; web-share\" referrerpolicy=\"strict-origin-when-cross-origin\" allowfullscreen><\/iframe><\/div>\n","protected":false},"excerpt":{"rendered":"<p>Aquest curs els alumnes de tercer de prim\u00e0ria van comen\u00e7ar a formar part del projecte de Conarte amb un planter de dansa. Cada dimarts a l&#8217;hora d&#8217;educaci\u00f3 F\u00edsica venia la Georgina Avil\u00e9s a guiar-nos i formar-nos en la dimensi\u00f3 de l&#8217;expressi\u00f3 corporal.Aquest proc\u00e9s d&#8217;aprenentatge com tots els altres es va veure aturats per la Covid-19, per\u00f2 igual que amb la resta d&#8217;\u00e0rees, l&#8217;escola i Conarte no vam voler aturar la feina del planter de dansa.<\/p>\n","protected":false},"author":1,"featured_media":3869,"comment_status":"open","ping_status":"closed","sticky":false,"template":"","format":"standard","meta":{"_bbp_topic_count":0,"_bbp_reply_count":0,"_bbp_total_topic_count":0,"_bbp_total_reply_count":0,"_bbp_voice_count":0,"_bbp_anonymous_reply_count":0,"_bbp_topic_count_hidden":0,"_bbp_reply_count_hidden":0,"_bbp_forum_subforum_count":0,"site-sidebar-layout":"default","site-content-layout":"","ast-site-content-layout":"","site-content-style":"default","site-sidebar-style":"default","ast-global-header-display":"","ast-banner-title-visibility":"","ast-main-header-display":"","ast-hfb-above-header-display":"","ast-hfb-below-header-display":"","ast-hfb-mobile-header-display":"","site-post-title":"","ast-breadcrumbs-content":"","ast-featured-img":"","footer-sml-layout":"","theme-transparent-header-meta":"","adv-header-id-meta":"","stick-header-meta":"","header-above-stick-meta":"","header-main-stick-meta":"","header-below-stick-meta":"","astra-migrate-meta-layouts":"default","ast-page-background-enabled":"default","ast-page-background-meta":{"desktop":{"background-color":"var(--ast-global-color-4)","background-image":"","background-repeat":"repeat","background-position":"center center","background-size":"auto","background-attachment":"scroll","background-type":"","background-media":"","overlay-type":"","overlay-color":"","overlay-opacity":"","overlay-gradient":""},"tablet":{"background-color":"","background-image":"","background-repeat":"repeat","background-position":"center center","background-size":"auto","background-attachment":"scroll","background-type":"","background-media":"","overlay-type":"","overlay-color":"","overlay-opacity":"","overlay-gradient":""},"mobile":{"background-color":"","background-image":"","background-repeat":"repeat","background-position":"center center","background-size":"auto","background-attachment":"scroll","background-type":"","background-media":"","overlay-type":"","overlay-color":"","overlay-opacity":"","overlay-gradient":""}},"ast-content-background-meta":{"desktop":{"background-color":"var(--ast-global-color-5)","background-image":"","background-repeat":"repeat","background-position":"center center","background-size":"auto","background-attachment":"scroll","background-type":"","background-media":"","overlay-type":"","overlay-color":"","overlay-opacity":"","overlay-gradient":""},"tablet":{"background-color":"var(--ast-global-color-5)","background-image":"","background-repeat":"repeat","background-position":"center center","background-size":"auto","background-attachment":"scroll","background-type":"","background-media":"","overlay-type":"","overlay-color":"","overlay-opacity":"","overlay-gradient":""},"mobile":{"background-color":"var(--ast-global-color-5)","background-image":"","background-repeat":"repeat","background-position":"center center","background-size":"auto","background-attachment":"scroll","background-type":"","background-media":"","overlay-type":"","overlay-color":"","overlay-opacity":"","overlay-gradient":""}},"footnotes":""},"categories":[10,527],"tags":[462,481],"class_list":["post-3868","post","type-post","status-publish","format-standard","has-post-thumbnail","hentry","category-6e-2022-2023","category-planter_de_dansa","tag-conarte","tag-confinament"],"post_mailing_queue_ids":[],"_links":{"self":[{"href":"https:\/\/agora.xtec.cat\/ceippallach-figueres\/wp-json\/wp\/v2\/posts\/3868","targetHints":{"allow":["GET"]}}],"collection":[{"href":"https:\/\/agora.xtec.cat\/ceippallach-figueres\/wp-json\/wp\/v2\/posts"}],"about":[{"href":"https:\/\/agora.xtec.cat\/ceippallach-figueres\/wp-json\/wp\/v2\/types\/post"}],"author":[{"embeddable":true,"href":"https:\/\/agora.xtec.cat\/ceippallach-figueres\/wp-json\/wp\/v2\/users\/1"}],"replies":[{"embeddable":true,"href":"https:\/\/agora.xtec.cat\/ceippallach-figueres\/wp-json\/wp\/v2\/comments?post=3868"}],"version-history":[{"count":1,"href":"https:\/\/agora.xtec.cat\/ceippallach-figueres\/wp-json\/wp\/v2\/posts\/3868\/revisions"}],"predecessor-version":[{"id":3870,"href":"https:\/\/agora.xtec.cat\/ceippallach-figueres\/wp-json\/wp\/v2\/posts\/3868\/revisions\/3870"}],"wp:featuredmedia":[{"embeddable":true,"href":"https:\/\/agora.xtec.cat\/ceippallach-figueres\/wp-json\/wp\/v2\/media\/3869"}],"wp:attachment":[{"href":"https:\/\/agora.xtec.cat\/ceippallach-figueres\/wp-json\/wp\/v2\/media?parent=3868"}],"wp:term":[{"taxonomy":"category","embeddable":true,"href":"https:\/\/agora.xtec.cat\/ceippallach-figueres\/wp-json\/wp\/v2\/categories?post=3868"},{"taxonomy":"post_tag","embeddable":true,"href":"https:\/\/agora.xtec.cat\/ceippallach-figueres\/wp-json\/wp\/v2\/tags?post=3868"}],"curies":[{"name":"wp","href":"https:\/\/api.w.org\/{rel}","templated":true}]}}