{"id":3555,"date":"2020-01-08T15:54:59","date_gmt":"2020-01-08T14:54:59","guid":{"rendered":"http:\/\/agora.xtec.cat\/ceippallach-figueres\/?p=3555"},"modified":"2021-10-20T09:57:20","modified_gmt":"2021-10-20T07:57:20","slug":"tallers-contraelbullying-de-la-fundacio-barca","status":"publish","type":"post","link":"https:\/\/agora.xtec.cat\/ceippallach-figueres\/6e-2024-2025\/tallers-contraelbullying-de-la-fundacio-barca\/","title":{"rendered":"Tallers #ContraElBullying de la Fundaci\u00f3 Bar\u00e7a"},"content":{"rendered":"<p>Els nens i nenes de tots els cursos de prim\u00e0ria, des de 1r fins a 6\u00e8 van participar el passat mes de desembre en els tallers contra el bullying que la <a href=\"https:\/\/fundacio.fcbarcelona.cat\/noticies\/fundacio-ofereix-programa-bullying-escoles-catalunya\">Fundaci\u00f3 Bar\u00e7a<\/a> va venir a fer a l&#8217;escola. Hi va haver estones per la teoria i d&#8217;altres per la pr\u00e0ctica, en una sessi\u00f3 que va servir per ajudar a clarificar qu\u00e8 \u00e9s el bullying i qu\u00e8 podem fer tots per evitar-lo. El treball dels continguts del taller tindr\u00e0 continu\u00eftat en sessions tant d&#8217;educaci\u00f3 f\u00edsica com de tutoria en els diferents nivells.<\/p>\n<p><a href=\"https:\/\/photos.app.goo.gl\/z3YYVmYBHa9Q41ru7\"><img loading=\"lazy\" decoding=\"async\" class=\"alignnone size-large wp-image-3556\" src=\"https:\/\/agora.xtec.cat\/ceippallach-figueres\/wp-content\/uploads\/usu654\/2020\/01\/IMG_20191210_091845-COLLAGE-1024x1024.jpg\" alt=\"\" width=\"1024\" height=\"1024\" srcset=\"https:\/\/agora.xtec.cat\/ceippallach-figueres\/wp-content\/uploads\/usu654\/2020\/01\/IMG_20191210_091845-COLLAGE-1024x1024.jpg 1024w, https:\/\/agora.xtec.cat\/ceippallach-figueres\/wp-content\/uploads\/usu654\/2020\/01\/IMG_20191210_091845-COLLAGE-150x150.jpg 150w, https:\/\/agora.xtec.cat\/ceippallach-figueres\/wp-content\/uploads\/usu654\/2020\/01\/IMG_20191210_091845-COLLAGE-300x300.jpg 300w, https:\/\/agora.xtec.cat\/ceippallach-figueres\/wp-content\/uploads\/usu654\/2020\/01\/IMG_20191210_091845-COLLAGE-768x768.jpg 768w, https:\/\/agora.xtec.cat\/ceippallach-figueres\/wp-content\/uploads\/usu654\/2020\/01\/IMG_20191210_091845-COLLAGE.jpg 2047w\" sizes=\"auto, (max-width: 1024px) 100vw, 1024px\" \/><\/a><\/p>\n","protected":false},"excerpt":{"rendered":"<p>Els nens i nenes de tots els cursos de prim\u00e0ria, des de 1r fins a 6\u00e8 van participar el passat mes de desembre en els tallers contra el bullying que la Fundaci\u00f3 Bar\u00e7a va venir a fer a l&#8217;escola.<\/p>\n","protected":false},"author":1,"featured_media":3556,"comment_status":"open","ping_status":"closed","sticky":false,"template":"","format":"standard","meta":{"_bbp_topic_count":0,"_bbp_reply_count":0,"_bbp_total_topic_count":0,"_bbp_total_reply_count":0,"_bbp_voice_count":0,"_bbp_anonymous_reply_count":0,"_bbp_topic_count_hidden":0,"_bbp_reply_count_hidden":0,"_bbp_forum_subforum_count":0,"site-sidebar-layout":"default","site-content-layout":"","ast-site-content-layout":"","site-content-style":"default","site-sidebar-style":"default","ast-global-header-display":"","ast-banner-title-visibility":"","ast-main-header-display":"","ast-hfb-above-header-display":"","ast-hfb-below-header-display":"","ast-hfb-mobile-header-display":"","site-post-title":"","ast-breadcrumbs-content":"","ast-featured-img":"","footer-sml-layout":"","theme-transparent-header-meta":"","adv-header-id-meta":"","stick-header-meta":"","header-above-stick-meta":"","header-main-stick-meta":"","header-below-stick-meta":"","astra-migrate-meta-layouts":"default","ast-page-background-enabled":"default","ast-page-background-meta":{"desktop":{"background-color":"var(--ast-global-color-4)","background-image":"","background-repeat":"repeat","background-position":"center center","background-size":"auto","background-attachment":"scroll","background-type":"","background-media":"","overlay-type":"","overlay-color":"","overlay-opacity":"","overlay-gradient":""},"tablet":{"background-color":"","background-image":"","background-repeat":"repeat","background-position":"center center","background-size":"auto","background-attachment":"scroll","background-type":"","background-media":"","overlay-type":"","overlay-color":"","overlay-opacity":"","overlay-gradient":""},"mobile":{"background-color":"","background-image":"","background-repeat":"repeat","background-position":"center center","background-size":"auto","background-attachment":"scroll","background-type":"","background-media":"","overlay-type":"","overlay-color":"","overlay-opacity":"","overlay-gradient":""}},"ast-content-background-meta":{"desktop":{"background-color":"var(--ast-global-color-5)","background-image":"","background-repeat":"repeat","background-position":"center center","background-size":"auto","background-attachment":"scroll","background-type":"","background-media":"","overlay-type":"","overlay-color":"","overlay-opacity":"","overlay-gradient":""},"tablet":{"background-color":"var(--ast-global-color-5)","background-image":"","background-repeat":"repeat","background-position":"center center","background-size":"auto","background-attachment":"scroll","background-type":"","background-media":"","overlay-type":"","overlay-color":"","overlay-opacity":"","overlay-gradient":""},"mobile":{"background-color":"var(--ast-global-color-5)","background-image":"","background-repeat":"repeat","background-position":"center center","background-size":"auto","background-attachment":"scroll","background-type":"","background-media":"","overlay-type":"","overlay-color":"","overlay-opacity":"","overlay-gradient":""}},"footnotes":""},"categories":[13,12,11,10,9,8,528],"tags":[516],"class_list":["post-3555","post","type-post","status-publish","format-standard","has-post-thumbnail","hentry","category-6e-2019-2020","category-6e-2020-2021","category-6e-2021-2022","category-6e-2022-2023","category-6e-2023-2024","category-6e-2024-2025","category-contra_el_bullying","tag-bullying"],"post_mailing_queue_ids":[],"_links":{"self":[{"href":"https:\/\/agora.xtec.cat\/ceippallach-figueres\/wp-json\/wp\/v2\/posts\/3555","targetHints":{"allow":["GET"]}}],"collection":[{"href":"https:\/\/agora.xtec.cat\/ceippallach-figueres\/wp-json\/wp\/v2\/posts"}],"about":[{"href":"https:\/\/agora.xtec.cat\/ceippallach-figueres\/wp-json\/wp\/v2\/types\/post"}],"author":[{"embeddable":true,"href":"https:\/\/agora.xtec.cat\/ceippallach-figueres\/wp-json\/wp\/v2\/users\/1"}],"replies":[{"embeddable":true,"href":"https:\/\/agora.xtec.cat\/ceippallach-figueres\/wp-json\/wp\/v2\/comments?post=3555"}],"version-history":[{"count":2,"href":"https:\/\/agora.xtec.cat\/ceippallach-figueres\/wp-json\/wp\/v2\/posts\/3555\/revisions"}],"predecessor-version":[{"id":3558,"href":"https:\/\/agora.xtec.cat\/ceippallach-figueres\/wp-json\/wp\/v2\/posts\/3555\/revisions\/3558"}],"wp:featuredmedia":[{"embeddable":true,"href":"https:\/\/agora.xtec.cat\/ceippallach-figueres\/wp-json\/wp\/v2\/media\/3556"}],"wp:attachment":[{"href":"https:\/\/agora.xtec.cat\/ceippallach-figueres\/wp-json\/wp\/v2\/media?parent=3555"}],"wp:term":[{"taxonomy":"category","embeddable":true,"href":"https:\/\/agora.xtec.cat\/ceippallach-figueres\/wp-json\/wp\/v2\/categories?post=3555"},{"taxonomy":"post_tag","embeddable":true,"href":"https:\/\/agora.xtec.cat\/ceippallach-figueres\/wp-json\/wp\/v2\/tags?post=3555"}],"curies":[{"name":"wp","href":"https:\/\/api.w.org\/{rel}","templated":true}]}}