{"id":3542,"date":"2019-12-19T16:55:22","date_gmt":"2019-12-19T15:55:22","guid":{"rendered":"http:\/\/agora.xtec.cat\/ceippallach-figueres\/?p=3542"},"modified":"2020-10-13T11:12:02","modified_gmt":"2020-10-13T09:12:02","slug":"sortida-al-poble-espanyol","status":"publish","type":"post","link":"https:\/\/agora.xtec.cat\/ceippallach-figueres\/6e-2019-2020\/sortida-al-poble-espanyol\/","title":{"rendered":"Sortida al Poble Espanyol"},"content":{"rendered":"<p style=\"text-align: justify;\">Els alumnes de 6\u00e8 hem fet, aquest mes de desembre, una visita al Poble Espanyol de Barcelona per dur a terme el taller sobre la diversitat peninsular.<\/p>\n<p style=\"text-align: justify;\">A la classe ja hav\u00edem treballat les diferents comunitats d&#8217;Espanya amb les seves principals caracter\u00edstiques. Per equips, hav\u00edem elaborat diferents treballs de presentaci\u00f3 sobre la situaci\u00f3 geogr\u00e0fica de cada una d&#8217;elles, els seus trets d&#8217;identitat, les seves tradicions, els seus menjars, el seu relleu, els monuments i edificis m\u00e9s destacats i altres curiositats que an\u00e0vem investigant.<\/p>\n<p style=\"text-align: justify;\">Al Poble Espanyol vam acabar d&#8217;aprofundir en el tema i vam aprendre un munt de coneixements sobre les diferents comunitats i les seves prov\u00edncies.<\/p>\n<p style=\"text-align: justify;\">Alhora ens ho vam passar molt b\u00e9 passejant i entrant a les botigues d&#8217;artesania que hi havia.<\/p>\n<p><a href=\"https:\/\/photos.app.goo.gl\/Gf1HNhZ7JsJGgh4j7\"><img loading=\"lazy\" decoding=\"async\" class=\"aligncenter size-full wp-image-3543\" src=\"https:\/\/agora.xtec.cat\/ceippallach-figueres\/wp-content\/uploads\/usu654\/2019\/12\/IMG_2189.jpg\" alt=\"\" width=\"640\" height=\"480\" srcset=\"https:\/\/agora.xtec.cat\/ceippallach-figueres\/wp-content\/uploads\/usu654\/2019\/12\/IMG_2189.jpg 640w, https:\/\/agora.xtec.cat\/ceippallach-figueres\/wp-content\/uploads\/usu654\/2019\/12\/IMG_2189-300x225.jpg 300w, https:\/\/agora.xtec.cat\/ceippallach-figueres\/wp-content\/uploads\/usu654\/2019\/12\/IMG_2189-200x150.jpg 200w\" sizes=\"auto, (max-width: 640px) 100vw, 640px\" \/><\/a><\/p>\n","protected":false},"excerpt":{"rendered":"<p>Els alumnes de 6\u00e8 hem fet, aquest mes de desembre, una visita al Poble Espanyol de Barcelona per dur a terme el taller sobre la diversitat peninsular. A la classe ja hav\u00edem treballat les diferents comunitats d&#8217;Espanya amb les seves principals caracter\u00edstiques. Per equips, hav\u00edem elaborat diferents treballs de presentaci\u00f3 sobre la situaci\u00f3 geogr\u00e0fica de [&hellip;]<\/p>\n","protected":false},"author":7,"featured_media":3543,"comment_status":"open","ping_status":"closed","sticky":false,"template":"","format":"standard","meta":{"_bbp_topic_count":0,"_bbp_reply_count":0,"_bbp_total_topic_count":0,"_bbp_total_reply_count":0,"_bbp_voice_count":0,"_bbp_anonymous_reply_count":0,"_bbp_topic_count_hidden":0,"_bbp_reply_count_hidden":0,"_bbp_forum_subforum_count":0,"site-sidebar-layout":"default","site-content-layout":"","ast-site-content-layout":"","site-content-style":"default","site-sidebar-style":"default","ast-global-header-display":"","ast-banner-title-visibility":"","ast-main-header-display":"","ast-hfb-above-header-display":"","ast-hfb-below-header-display":"","ast-hfb-mobile-header-display":"","site-post-title":"","ast-breadcrumbs-content":"","ast-featured-img":"","footer-sml-layout":"","theme-transparent-header-meta":"","adv-header-id-meta":"","stick-header-meta":"","header-above-stick-meta":"","header-main-stick-meta":"","header-below-stick-meta":"","astra-migrate-meta-layouts":"default","ast-page-background-enabled":"default","ast-page-background-meta":{"desktop":{"background-color":"var(--ast-global-color-4)","background-image":"","background-repeat":"repeat","background-position":"center center","background-size":"auto","background-attachment":"scroll","background-type":"","background-media":"","overlay-type":"","overlay-color":"","overlay-opacity":"","overlay-gradient":""},"tablet":{"background-color":"","background-image":"","background-repeat":"repeat","background-position":"center center","background-size":"auto","background-attachment":"scroll","background-type":"","background-media":"","overlay-type":"","overlay-color":"","overlay-opacity":"","overlay-gradient":""},"mobile":{"background-color":"","background-image":"","background-repeat":"repeat","background-position":"center center","background-size":"auto","background-attachment":"scroll","background-type":"","background-media":"","overlay-type":"","overlay-color":"","overlay-opacity":"","overlay-gradient":""}},"ast-content-background-meta":{"desktop":{"background-color":"var(--ast-global-color-5)","background-image":"","background-repeat":"repeat","background-position":"center center","background-size":"auto","background-attachment":"scroll","background-type":"","background-media":"","overlay-type":"","overlay-color":"","overlay-opacity":"","overlay-gradient":""},"tablet":{"background-color":"var(--ast-global-color-5)","background-image":"","background-repeat":"repeat","background-position":"center center","background-size":"auto","background-attachment":"scroll","background-type":"","background-media":"","overlay-type":"","overlay-color":"","overlay-opacity":"","overlay-gradient":""},"mobile":{"background-color":"var(--ast-global-color-5)","background-image":"","background-repeat":"repeat","background-position":"center center","background-size":"auto","background-attachment":"scroll","background-type":"","background-media":"","overlay-type":"","overlay-color":"","overlay-opacity":"","overlay-gradient":""}},"footnotes":""},"categories":[13],"tags":[184,126],"class_list":["post-3542","post","type-post","status-publish","format-standard","has-post-thumbnail","hentry","category-6e-2019-2020","tag-barcelona","tag-sortida"],"post_mailing_queue_ids":[],"_links":{"self":[{"href":"https:\/\/agora.xtec.cat\/ceippallach-figueres\/wp-json\/wp\/v2\/posts\/3542","targetHints":{"allow":["GET"]}}],"collection":[{"href":"https:\/\/agora.xtec.cat\/ceippallach-figueres\/wp-json\/wp\/v2\/posts"}],"about":[{"href":"https:\/\/agora.xtec.cat\/ceippallach-figueres\/wp-json\/wp\/v2\/types\/post"}],"author":[{"embeddable":true,"href":"https:\/\/agora.xtec.cat\/ceippallach-figueres\/wp-json\/wp\/v2\/users\/7"}],"replies":[{"embeddable":true,"href":"https:\/\/agora.xtec.cat\/ceippallach-figueres\/wp-json\/wp\/v2\/comments?post=3542"}],"version-history":[{"count":2,"href":"https:\/\/agora.xtec.cat\/ceippallach-figueres\/wp-json\/wp\/v2\/posts\/3542\/revisions"}],"predecessor-version":[{"id":3551,"href":"https:\/\/agora.xtec.cat\/ceippallach-figueres\/wp-json\/wp\/v2\/posts\/3542\/revisions\/3551"}],"wp:featuredmedia":[{"embeddable":true,"href":"https:\/\/agora.xtec.cat\/ceippallach-figueres\/wp-json\/wp\/v2\/media\/3543"}],"wp:attachment":[{"href":"https:\/\/agora.xtec.cat\/ceippallach-figueres\/wp-json\/wp\/v2\/media?parent=3542"}],"wp:term":[{"taxonomy":"category","embeddable":true,"href":"https:\/\/agora.xtec.cat\/ceippallach-figueres\/wp-json\/wp\/v2\/categories?post=3542"},{"taxonomy":"post_tag","embeddable":true,"href":"https:\/\/agora.xtec.cat\/ceippallach-figueres\/wp-json\/wp\/v2\/tags?post=3542"}],"curies":[{"name":"wp","href":"https:\/\/api.w.org\/{rel}","templated":true}]}}