{"id":3502,"date":"2019-11-20T12:06:30","date_gmt":"2019-11-20T11:06:30","guid":{"rendered":"http:\/\/agora.xtec.cat\/ceippallach-figueres\/?p=3502"},"modified":"2021-10-20T09:45:06","modified_gmt":"2021-10-20T07:45:06","slug":"planter-de-dansa-conarte","status":"publish","type":"post","link":"https:\/\/agora.xtec.cat\/ceippallach-figueres\/6e-2022-2023\/planter-de-dansa-conarte\/","title":{"rendered":"Planter de Dansa ConArte"},"content":{"rendered":"<p>Aquest curs els alumnes de tercer han comen\u00e7at a formar part del projecte Planters de Dansa de ConArte.<\/p>\n<p>Al llarg del curs dedicarem les sessions del dijous d&#8217;educaci\u00f3 f\u00edsica a desenvolupar aquest projecte. Per dur-lo a terme tenim la col\u00b7laboraci\u00f3 d&#8217;una artista, la Georgina, que \u00e9s l&#8217;encarregada de guiar-nos cap aquesta disciplina.<\/p>\n<p>Vam comen\u00e7ar el mes d&#8217;octubre i ja portem gaireb\u00e9 8 sessions. Al llarg d&#8217;aquestes sessions hem conegut diferents tipus de despla\u00e7aments, jocs i hem elaborat de manera progressiva una petita coreografia estirats a terra, amb un aspecte en com\u00fa: la m\u015buica i el movimenet corporal. Amb totes les activitats proposades hem treballat la segmentaci\u00f3 corporal, els girs, l&#8217;esquema corporal, la concentraci\u00f3, la coeducaci\u00f3 i la coordinaci\u00f3.<\/p>\n<p>Els i les alumnes parlen de despla\u00e7ament com el de l&#8217;spiderman o de moviments com l&#8217;estrella, la boleta o la pedra. Amb les seg\u00fcents imatges i uns petits v\u00eddeo hi ha un resum del que s&#8217;ha anat fent.<\/p>\n<p><a href=\"https:\/\/photos.app.goo.gl\/C8UGSMMiYW8Azvyu7\"><img loading=\"lazy\" decoding=\"async\" class=\"attachment-266x266 aligncenter\" src=\"https:\/\/agora.xtec.cat\/ceippallach-figueres\/wp-content\/uploads\/usu654\/2019\/11\/IMG_4855-COLLAGE-300x300.jpg\" alt=\"\" width=\"266\" height=\"266\" \/><\/a><\/p>\n<p>M\u00e9s informaci\u00f3:\u00a0<a href=\"https:\/\/www.conarteinternacional.net\/projectes\">https:\/\/www.conarteinternacional.net\/projectes<\/a><\/p>\n<p>Filosofia metodol\u00f2gica Planters: <a href=\"https:\/\/docs.google.com\/document\/d\/1ts3ErLlRzB4mKm9jlTbOxpAv_xzIHe8HYDLDsxtOT7k\/edit?usp=sharing\">https:\/\/docs.google.com\/document\/d\/1ts3ErLlRzB4mKm9jlTbOxpAv_xzIHe8HYDLDsxtOT7k\/edit?usp=sharing<\/a><\/p>\n","protected":false},"excerpt":{"rendered":"<p>Aquest curs els alumnes de tercer han comen\u00e7at a formar part del\u00a0 projecte Planters de Dansa de ConArte.<\/p>\n","protected":false},"author":8,"featured_media":3505,"comment_status":"open","ping_status":"closed","sticky":false,"template":"","format":"standard","meta":{"_bbp_topic_count":0,"_bbp_reply_count":0,"_bbp_total_topic_count":0,"_bbp_total_reply_count":0,"_bbp_voice_count":0,"_bbp_anonymous_reply_count":0,"_bbp_topic_count_hidden":0,"_bbp_reply_count_hidden":0,"_bbp_forum_subforum_count":0,"site-sidebar-layout":"default","site-content-layout":"","ast-site-content-layout":"","site-content-style":"default","site-sidebar-style":"default","ast-global-header-display":"","ast-banner-title-visibility":"","ast-main-header-display":"","ast-hfb-above-header-display":"","ast-hfb-below-header-display":"","ast-hfb-mobile-header-display":"","site-post-title":"","ast-breadcrumbs-content":"","ast-featured-img":"","footer-sml-layout":"","theme-transparent-header-meta":"","adv-header-id-meta":"","stick-header-meta":"","header-above-stick-meta":"","header-main-stick-meta":"","header-below-stick-meta":"","astra-migrate-meta-layouts":"default","ast-page-background-enabled":"default","ast-page-background-meta":{"desktop":{"background-color":"var(--ast-global-color-4)","background-image":"","background-repeat":"repeat","background-position":"center center","background-size":"auto","background-attachment":"scroll","background-type":"","background-media":"","overlay-type":"","overlay-color":"","overlay-opacity":"","overlay-gradient":""},"tablet":{"background-color":"","background-image":"","background-repeat":"repeat","background-position":"center center","background-size":"auto","background-attachment":"scroll","background-type":"","background-media":"","overlay-type":"","overlay-color":"","overlay-opacity":"","overlay-gradient":""},"mobile":{"background-color":"","background-image":"","background-repeat":"repeat","background-position":"center center","background-size":"auto","background-attachment":"scroll","background-type":"","background-media":"","overlay-type":"","overlay-color":"","overlay-opacity":"","overlay-gradient":""}},"ast-content-background-meta":{"desktop":{"background-color":"var(--ast-global-color-5)","background-image":"","background-repeat":"repeat","background-position":"center center","background-size":"auto","background-attachment":"scroll","background-type":"","background-media":"","overlay-type":"","overlay-color":"","overlay-opacity":"","overlay-gradient":""},"tablet":{"background-color":"var(--ast-global-color-5)","background-image":"","background-repeat":"repeat","background-position":"center center","background-size":"auto","background-attachment":"scroll","background-type":"","background-media":"","overlay-type":"","overlay-color":"","overlay-opacity":"","overlay-gradient":""},"mobile":{"background-color":"var(--ast-global-color-5)","background-image":"","background-repeat":"repeat","background-position":"center center","background-size":"auto","background-attachment":"scroll","background-type":"","background-media":"","overlay-type":"","overlay-color":"","overlay-opacity":"","overlay-gradient":""}},"footnotes":""},"categories":[10,527],"tags":[462,461],"class_list":["post-3502","post","type-post","status-publish","format-standard","has-post-thumbnail","hentry","category-6e-2022-2023","category-planter_de_dansa","tag-conarte","tag-planter-dansa"],"post_mailing_queue_ids":[],"_links":{"self":[{"href":"https:\/\/agora.xtec.cat\/ceippallach-figueres\/wp-json\/wp\/v2\/posts\/3502","targetHints":{"allow":["GET"]}}],"collection":[{"href":"https:\/\/agora.xtec.cat\/ceippallach-figueres\/wp-json\/wp\/v2\/posts"}],"about":[{"href":"https:\/\/agora.xtec.cat\/ceippallach-figueres\/wp-json\/wp\/v2\/types\/post"}],"author":[{"embeddable":true,"href":"https:\/\/agora.xtec.cat\/ceippallach-figueres\/wp-json\/wp\/v2\/users\/8"}],"replies":[{"embeddable":true,"href":"https:\/\/agora.xtec.cat\/ceippallach-figueres\/wp-json\/wp\/v2\/comments?post=3502"}],"version-history":[{"count":3,"href":"https:\/\/agora.xtec.cat\/ceippallach-figueres\/wp-json\/wp\/v2\/posts\/3502\/revisions"}],"predecessor-version":[{"id":3509,"href":"https:\/\/agora.xtec.cat\/ceippallach-figueres\/wp-json\/wp\/v2\/posts\/3502\/revisions\/3509"}],"wp:featuredmedia":[{"embeddable":true,"href":"https:\/\/agora.xtec.cat\/ceippallach-figueres\/wp-json\/wp\/v2\/media\/3505"}],"wp:attachment":[{"href":"https:\/\/agora.xtec.cat\/ceippallach-figueres\/wp-json\/wp\/v2\/media?parent=3502"}],"wp:term":[{"taxonomy":"category","embeddable":true,"href":"https:\/\/agora.xtec.cat\/ceippallach-figueres\/wp-json\/wp\/v2\/categories?post=3502"},{"taxonomy":"post_tag","embeddable":true,"href":"https:\/\/agora.xtec.cat\/ceippallach-figueres\/wp-json\/wp\/v2\/tags?post=3502"}],"curies":[{"name":"wp","href":"https:\/\/api.w.org\/{rel}","templated":true}]}}