{"id":3327,"date":"2025-06-28T10:00:27","date_gmt":"2025-06-28T08:00:27","guid":{"rendered":"http:\/\/agora.xtec.cat\/ceippallach-figueres\/?p=3327"},"modified":"2025-10-13T14:01:23","modified_gmt":"2025-10-13T12:01:23","slug":"llibres-i-material-pel-curs-vinent","status":"publish","type":"post","link":"https:\/\/agora.xtec.cat\/ceippallach-figueres\/primaria\/6e\/llibres-i-material-pel-curs-vinent\/","title":{"rendered":"Llibres i material curs 2025-2026"},"content":{"rendered":"<p><a href=\"https:\/\/agora.xtec.cat\/ceippallach-figueres\/docs\/llistats-de-llibres-i-material\/\">Cliqueu aqu\u00ed<\/a> per accedir a tots els llistats amb els llibres i material que necessitaran els nens i nenes el curs vinent.<\/p>\n<p>En <a href=\"https:\/\/agora.xtec.cat\/ceippallach-figueres\/wp-content\/uploads\/usu654\/2024\/06\/Avis-Explicacio-programa-reutilitzacio-llibres.pdf\">aquest document<\/a> hi trobareu informaci\u00f3 sobre el programa de reutilitzaci\u00f3 de llibres de text, en <a href=\"https:\/\/agora.xtec.cat\/ceippallach-figueres\/wp-content\/uploads\/usu654\/2024\/06\/25-26-LLIBRES-REUTILITZATS.pdf\">aquest altre<\/a> el llistat de llibres que es reutilitzen i <a href=\"https:\/\/agora.xtec.cat\/ceippallach-figueres\/wp-content\/uploads\/usu654\/2024\/06\/25-26-LLIBRES-NO-REUTILITZABLES-QUE-CAL-COMPRAR.pdf\">en aquest<\/a>\u00a0el dels que no es reutilitzen.<\/p>\n<p><a href=\"https:\/\/agora.xtec.cat\/ceippallach-figueres\/wp-content\/uploads\/usu654\/2024\/06\/Carta-aportacions-material-reutilitzacio-25-26-1.pdf\">Aqu\u00ed hi teniu<\/a>\u00a0una explicaci\u00f3 de quina \u00e9s l&#8217;aportaci\u00f3 econ\u00f2mica que fan les fam\u00edlies.<\/p>\n<p>Si necessiteu comprar xandalls o samarretes de l&#8217;escola, podeu anar a Valosport (carrer Ample 24).<\/p>\n<p><a href=\"https:\/\/agora.xtec.cat\/ceippallach-figueres\/wp-content\/uploads\/usu654\/2024\/06\/Document-Pas-d_I5-a-Primaria.pdf\">Aqu\u00ed teniu<\/a>\u00a0la carta que s&#8217;ha enviat a les fam\u00edlies que acaben P5 i passen a 1r.<\/p>\n<p><a href=\"https:\/\/agora.xtec.cat\/ceippallach-figueres\/wp-content\/uploads\/usu654\/2024\/06\/Benvolgudes-families-TPVescola-25-26.pdf\">Carta informativa<\/a> sobre el funcionament de l&#8217;aplicaci\u00f3 TPVescola.<\/p>\n","protected":false},"excerpt":{"rendered":"<p>Aqu\u00ed podeu consultar els llistats amb els llibres i material que necessitaran els nens i nenes el curs vinent.<\/p>\n","protected":false},"author":1,"featured_media":5845,"comment_status":"open","ping_status":"closed","sticky":false,"template":"","format":"standard","meta":{"_bbp_topic_count":0,"_bbp_reply_count":0,"_bbp_total_topic_count":0,"_bbp_total_reply_count":0,"_bbp_voice_count":0,"_bbp_anonymous_reply_count":0,"_bbp_topic_count_hidden":0,"_bbp_reply_count_hidden":0,"_bbp_forum_subforum_count":0,"site-sidebar-layout":"default","site-content-layout":"","ast-site-content-layout":"","site-content-style":"default","site-sidebar-style":"default","ast-global-header-display":"","ast-banner-title-visibility":"","ast-main-header-display":"","ast-hfb-above-header-display":"","ast-hfb-below-header-display":"","ast-hfb-mobile-header-display":"","site-post-title":"","ast-breadcrumbs-content":"","ast-featured-img":"","footer-sml-layout":"","theme-transparent-header-meta":"","adv-header-id-meta":"","stick-header-meta":"","header-above-stick-meta":"","header-main-stick-meta":"","header-below-stick-meta":"","astra-migrate-meta-layouts":"default","ast-page-background-enabled":"default","ast-page-background-meta":{"desktop":{"background-color":"var(--ast-global-color-4)","background-image":"","background-repeat":"repeat","background-position":"center center","background-size":"auto","background-attachment":"scroll","background-type":"","background-media":"","overlay-type":"","overlay-color":"","overlay-opacity":"","overlay-gradient":""},"tablet":{"background-color":"","background-image":"","background-repeat":"repeat","background-position":"center center","background-size":"auto","background-attachment":"scroll","background-type":"","background-media":"","overlay-type":"","overlay-color":"","overlay-opacity":"","overlay-gradient":""},"mobile":{"background-color":"","background-image":"","background-repeat":"repeat","background-position":"center center","background-size":"auto","background-attachment":"scroll","background-type":"","background-media":"","overlay-type":"","overlay-color":"","overlay-opacity":"","overlay-gradient":""}},"ast-content-background-meta":{"desktop":{"background-color":"var(--ast-global-color-5)","background-image":"","background-repeat":"repeat","background-position":"center center","background-size":"auto","background-attachment":"scroll","background-type":"","background-media":"","overlay-type":"","overlay-color":"","overlay-opacity":"","overlay-gradient":""},"tablet":{"background-color":"var(--ast-global-color-5)","background-image":"","background-repeat":"repeat","background-position":"center center","background-size":"auto","background-attachment":"scroll","background-type":"","background-media":"","overlay-type":"","overlay-color":"","overlay-opacity":"","overlay-gradient":""},"mobile":{"background-color":"var(--ast-global-color-5)","background-image":"","background-repeat":"repeat","background-position":"center center","background-size":"auto","background-attachment":"scroll","background-type":"","background-media":"","overlay-type":"","overlay-color":"","overlay-opacity":"","overlay-gradient":""}},"footnotes":""},"categories":[534,523,497,445,381,3,4],"tags":[62,63],"class_list":["post-3327","post","type-post","status-publish","format-standard","has-post-thumbnail","hentry","category-1r","category-2n","category-3r","category-4t","category-5e","category-6e","category-portada","tag-llibres","tag-material"],"post_mailing_queue_ids":[],"_links":{"self":[{"href":"https:\/\/agora.xtec.cat\/ceippallach-figueres\/wp-json\/wp\/v2\/posts\/3327","targetHints":{"allow":["GET"]}}],"collection":[{"href":"https:\/\/agora.xtec.cat\/ceippallach-figueres\/wp-json\/wp\/v2\/posts"}],"about":[{"href":"https:\/\/agora.xtec.cat\/ceippallach-figueres\/wp-json\/wp\/v2\/types\/post"}],"author":[{"embeddable":true,"href":"https:\/\/agora.xtec.cat\/ceippallach-figueres\/wp-json\/wp\/v2\/users\/1"}],"replies":[{"embeddable":true,"href":"https:\/\/agora.xtec.cat\/ceippallach-figueres\/wp-json\/wp\/v2\/comments?post=3327"}],"version-history":[{"count":6,"href":"https:\/\/agora.xtec.cat\/ceippallach-figueres\/wp-json\/wp\/v2\/posts\/3327\/revisions"}],"predecessor-version":[{"id":5983,"href":"https:\/\/agora.xtec.cat\/ceippallach-figueres\/wp-json\/wp\/v2\/posts\/3327\/revisions\/5983"}],"wp:featuredmedia":[{"embeddable":true,"href":"https:\/\/agora.xtec.cat\/ceippallach-figueres\/wp-json\/wp\/v2\/media\/5845"}],"wp:attachment":[{"href":"https:\/\/agora.xtec.cat\/ceippallach-figueres\/wp-json\/wp\/v2\/media?parent=3327"}],"wp:term":[{"taxonomy":"category","embeddable":true,"href":"https:\/\/agora.xtec.cat\/ceippallach-figueres\/wp-json\/wp\/v2\/categories?post=3327"},{"taxonomy":"post_tag","embeddable":true,"href":"https:\/\/agora.xtec.cat\/ceippallach-figueres\/wp-json\/wp\/v2\/tags?post=3327"}],"curies":[{"name":"wp","href":"https:\/\/api.w.org\/{rel}","templated":true}]}}