{"id":3241,"date":"2019-06-10T11:16:11","date_gmt":"2019-06-10T09:16:11","guid":{"rendered":"http:\/\/agora.xtec.cat\/ceippallach-figueres\/?p=3241"},"modified":"2019-11-20T15:46:45","modified_gmt":"2019-11-20T14:46:45","slug":"nutrixef-4t","status":"publish","type":"post","link":"https:\/\/agora.xtec.cat\/ceippallach-figueres\/6e-2020-2021\/nutrixef-4t\/","title":{"rendered":"Nutrixef 4t"},"content":{"rendered":"<p style=\"text-align: justify;\">El dijous 11 d&#8217;abril els nens i nenes de quart vam participar en un concurs de cuina saludable.<\/p>\n<p style=\"text-align: justify;\">El format NUTRIXEF \u00e9s un taller teatralitzat per a realitzar a l\u2019aula que s\u2019inspira en un concurs de cuina on tot el grup classe ha de superar unes proves. T\u00e9 com a objectiu treballar els h\u00e0bits saludables a trav\u00e9s del joc col\u00b7laboratiu, la diversi\u00f3, l\u2019experimentaci\u00f3 sensorial i el tast.<\/p>\n<p style=\"text-align: justify;\">NUTRIXEF \u00e9s un taller educatiu que es realitza a les escoles de prim\u00e0ria de Catalunya que participen en el Programa de la Fruita i\/o de la Llet que promou el Departament d\u2019Agricultura, Pesca i Alimentaci\u00f3 de la Generalitat de Catalunya.<\/p>\n<p><a href=\"https:\/\/photos.app.goo.gl\/8MAajLSFAFZihLVN9\"><img loading=\"lazy\" decoding=\"async\" class=\"aligncenter size-medium wp-image-3243\" src=\"https:\/\/agora.xtec.cat\/ceippallach-figueres\/wp-content\/uploads\/usu654\/2019\/06\/nutrixef-300x192.png\" alt=\"\" width=\"300\" height=\"192\" srcset=\"https:\/\/agora.xtec.cat\/ceippallach-figueres\/wp-content\/uploads\/usu654\/2019\/06\/nutrixef-300x192.png 300w, https:\/\/agora.xtec.cat\/ceippallach-figueres\/wp-content\/uploads\/usu654\/2019\/06\/nutrixef-768x491.png 768w, https:\/\/agora.xtec.cat\/ceippallach-figueres\/wp-content\/uploads\/usu654\/2019\/06\/nutrixef.png 769w\" sizes=\"auto, (max-width: 300px) 100vw, 300px\" \/><\/a><\/p>\n","protected":false},"excerpt":{"rendered":"<p>El dijous 11 d&#8217;abril els nens i nenes de quart vam participar en un concurs de cuina saludable. El format NUTRIXEF \u00e9s un taller teatralitzat per a realitzar a l\u2019aula que s\u2019inspira en un concurs de cuina on tot el grup classe ha de superar unes proves. T\u00e9 com a objectiu treballar els h\u00e0bits saludables [&hellip;]<\/p>\n","protected":false},"author":40,"featured_media":3243,"comment_status":"open","ping_status":"closed","sticky":false,"template":"","format":"standard","meta":{"_bbp_topic_count":0,"_bbp_reply_count":0,"_bbp_total_topic_count":0,"_bbp_total_reply_count":0,"_bbp_voice_count":0,"_bbp_anonymous_reply_count":0,"_bbp_topic_count_hidden":0,"_bbp_reply_count_hidden":0,"_bbp_forum_subforum_count":0,"site-sidebar-layout":"default","site-content-layout":"","ast-site-content-layout":"","site-content-style":"default","site-sidebar-style":"default","ast-global-header-display":"","ast-banner-title-visibility":"","ast-main-header-display":"","ast-hfb-above-header-display":"","ast-hfb-below-header-display":"","ast-hfb-mobile-header-display":"","site-post-title":"","ast-breadcrumbs-content":"","ast-featured-img":"","footer-sml-layout":"","theme-transparent-header-meta":"","adv-header-id-meta":"","stick-header-meta":"","header-above-stick-meta":"","header-main-stick-meta":"","header-below-stick-meta":"","astra-migrate-meta-layouts":"default","ast-page-background-enabled":"default","ast-page-background-meta":{"desktop":{"background-color":"var(--ast-global-color-4)","background-image":"","background-repeat":"repeat","background-position":"center center","background-size":"auto","background-attachment":"scroll","background-type":"","background-media":"","overlay-type":"","overlay-color":"","overlay-opacity":"","overlay-gradient":""},"tablet":{"background-color":"","background-image":"","background-repeat":"repeat","background-position":"center center","background-size":"auto","background-attachment":"scroll","background-type":"","background-media":"","overlay-type":"","overlay-color":"","overlay-opacity":"","overlay-gradient":""},"mobile":{"background-color":"","background-image":"","background-repeat":"repeat","background-position":"center center","background-size":"auto","background-attachment":"scroll","background-type":"","background-media":"","overlay-type":"","overlay-color":"","overlay-opacity":"","overlay-gradient":""}},"ast-content-background-meta":{"desktop":{"background-color":"var(--ast-global-color-5)","background-image":"","background-repeat":"repeat","background-position":"center center","background-size":"auto","background-attachment":"scroll","background-type":"","background-media":"","overlay-type":"","overlay-color":"","overlay-opacity":"","overlay-gradient":""},"tablet":{"background-color":"var(--ast-global-color-5)","background-image":"","background-repeat":"repeat","background-position":"center center","background-size":"auto","background-attachment":"scroll","background-type":"","background-media":"","overlay-type":"","overlay-color":"","overlay-opacity":"","overlay-gradient":""},"mobile":{"background-color":"var(--ast-global-color-5)","background-image":"","background-repeat":"repeat","background-position":"center center","background-size":"auto","background-attachment":"scroll","background-type":"","background-media":"","overlay-type":"","overlay-color":"","overlay-opacity":"","overlay-gradient":""}},"footnotes":""},"categories":[12],"tags":[437],"class_list":["post-3241","post","type-post","status-publish","format-standard","has-post-thumbnail","hentry","category-6e-2020-2021","tag-nutricio"],"post_mailing_queue_ids":[],"_links":{"self":[{"href":"https:\/\/agora.xtec.cat\/ceippallach-figueres\/wp-json\/wp\/v2\/posts\/3241","targetHints":{"allow":["GET"]}}],"collection":[{"href":"https:\/\/agora.xtec.cat\/ceippallach-figueres\/wp-json\/wp\/v2\/posts"}],"about":[{"href":"https:\/\/agora.xtec.cat\/ceippallach-figueres\/wp-json\/wp\/v2\/types\/post"}],"author":[{"embeddable":true,"href":"https:\/\/agora.xtec.cat\/ceippallach-figueres\/wp-json\/wp\/v2\/users\/40"}],"replies":[{"embeddable":true,"href":"https:\/\/agora.xtec.cat\/ceippallach-figueres\/wp-json\/wp\/v2\/comments?post=3241"}],"version-history":[{"count":3,"href":"https:\/\/agora.xtec.cat\/ceippallach-figueres\/wp-json\/wp\/v2\/posts\/3241\/revisions"}],"predecessor-version":[{"id":3269,"href":"https:\/\/agora.xtec.cat\/ceippallach-figueres\/wp-json\/wp\/v2\/posts\/3241\/revisions\/3269"}],"wp:featuredmedia":[{"embeddable":true,"href":"https:\/\/agora.xtec.cat\/ceippallach-figueres\/wp-json\/wp\/v2\/media\/3243"}],"wp:attachment":[{"href":"https:\/\/agora.xtec.cat\/ceippallach-figueres\/wp-json\/wp\/v2\/media?parent=3241"}],"wp:term":[{"taxonomy":"category","embeddable":true,"href":"https:\/\/agora.xtec.cat\/ceippallach-figueres\/wp-json\/wp\/v2\/categories?post=3241"},{"taxonomy":"post_tag","embeddable":true,"href":"https:\/\/agora.xtec.cat\/ceippallach-figueres\/wp-json\/wp\/v2\/tags?post=3241"}],"curies":[{"name":"wp","href":"https:\/\/api.w.org\/{rel}","templated":true}]}}