{"id":3161,"date":"2022-05-30T12:04:16","date_gmt":"2022-05-30T10:04:16","guid":{"rendered":"http:\/\/agora.xtec.cat\/ceippallach-figueres\/?p=3161"},"modified":"2022-10-03T15:50:42","modified_gmt":"2022-10-03T13:50:42","slug":"sopar-de-final-de-curs-de-lampa-2","status":"publish","type":"post","link":"https:\/\/agora.xtec.cat\/ceippallach-figueres\/primaria\/6e\/sopar-de-final-de-curs-de-lampa-2\/","title":{"rendered":"Sopar i festa de final de curs"},"content":{"rendered":"<p>Despr\u00e9s de dos cursos en que no s&#8217;ha pogut celebrar, l&#8217;AFA torna a organitzar el sopar i festa de final de curs. Ser\u00e0 el divendres 17 de juny a partir de les 21h, i al men\u00fa hi ha amanida, fideu\u00e0, postres i begudes. Tamb\u00e9 hi ha un men\u00fa infantil amb macarrons, croquetes i gelat. Podeu comprar els tiquets els dies 2 i 3 de juny a la tarda a la sortida del pati o del 30 al 10 de 8:50 a 9:20 al despatx de l&#8217;AFA.<\/p>\n<p>Per evitar generar m\u00e9s residus dels necessaris, us demanem que porteu de casa els vostres propis plats, gots i coberts. Per qui no en porti, l&#8217;AMPA en vendr\u00e0 de reutilitzables.<\/p>\n<p>No us ho perdeu!<\/p>\n<p>&nbsp;<\/p>\n<p><a href=\"https:\/\/agora.xtec.cat\/ceippallach-figueres\/wp-content\/uploads\/usu654\/2019\/05\/IMG-20220527-WA0005.jpg\"><img loading=\"lazy\" decoding=\"async\" class=\"alignnone size-large wp-image-4924\" src=\"https:\/\/agora.xtec.cat\/ceippallach-figueres\/wp-content\/uploads\/usu654\/2019\/05\/IMG-20220527-WA0005-724x1024.jpg\" alt=\"\" width=\"724\" height=\"1024\" srcset=\"https:\/\/agora.xtec.cat\/ceippallach-figueres\/wp-content\/uploads\/usu654\/2019\/05\/IMG-20220527-WA0005-724x1024.jpg 724w, https:\/\/agora.xtec.cat\/ceippallach-figueres\/wp-content\/uploads\/usu654\/2019\/05\/IMG-20220527-WA0005-212x300.jpg 212w, https:\/\/agora.xtec.cat\/ceippallach-figueres\/wp-content\/uploads\/usu654\/2019\/05\/IMG-20220527-WA0005-768x1086.jpg 768w, https:\/\/agora.xtec.cat\/ceippallach-figueres\/wp-content\/uploads\/usu654\/2019\/05\/IMG-20220527-WA0005-1086x1536.jpg 1086w, https:\/\/agora.xtec.cat\/ceippallach-figueres\/wp-content\/uploads\/usu654\/2019\/05\/IMG-20220527-WA0005.jpg 1240w\" sizes=\"auto, (max-width: 724px) 100vw, 724px\" \/><\/a><\/p>\n","protected":false},"excerpt":{"rendered":"<p>Despr\u00e9s de dos cursos en que no s&#8217;ha pogut celebrar, l&#8217;AFA torna a organitzar el sopar i festa de final de curs. Ser\u00e0 el divendres 17 de juny a partir de les 21h, i al men\u00fa hi ha amanida, fideu\u00e0, postres i begudes. Tamb\u00e9 hi ha un men\u00fa infantil amb macarrons, croquetes i gelat. Podeu comprar els tiquets els dies 2 i 3 de juny a la tarda a la sortida del pati o del 30 al 10 de 8:50 a 9:20 al despatx de l&#8217;AFA.<\/p>\n","protected":false},"author":1,"featured_media":4924,"comment_status":"open","ping_status":"closed","sticky":false,"template":"","format":"standard","meta":{"_bbp_topic_count":0,"_bbp_reply_count":0,"_bbp_total_topic_count":0,"_bbp_total_reply_count":0,"_bbp_voice_count":0,"_bbp_anonymous_reply_count":0,"_bbp_topic_count_hidden":0,"_bbp_reply_count_hidden":0,"_bbp_forum_subforum_count":0,"site-sidebar-layout":"default","site-content-layout":"","ast-site-content-layout":"","site-content-style":"default","site-sidebar-style":"default","ast-global-header-display":"","ast-banner-title-visibility":"","ast-main-header-display":"","ast-hfb-above-header-display":"","ast-hfb-below-header-display":"","ast-hfb-mobile-header-display":"","site-post-title":"","ast-breadcrumbs-content":"","ast-featured-img":"","footer-sml-layout":"","theme-transparent-header-meta":"","adv-header-id-meta":"","stick-header-meta":"","header-above-stick-meta":"","header-main-stick-meta":"","header-below-stick-meta":"","astra-migrate-meta-layouts":"default","ast-page-background-enabled":"default","ast-page-background-meta":{"desktop":{"background-color":"var(--ast-global-color-4)","background-image":"","background-repeat":"repeat","background-position":"center center","background-size":"auto","background-attachment":"scroll","background-type":"","background-media":"","overlay-type":"","overlay-color":"","overlay-opacity":"","overlay-gradient":""},"tablet":{"background-color":"","background-image":"","background-repeat":"repeat","background-position":"center center","background-size":"auto","background-attachment":"scroll","background-type":"","background-media":"","overlay-type":"","overlay-color":"","overlay-opacity":"","overlay-gradient":""},"mobile":{"background-color":"","background-image":"","background-repeat":"repeat","background-position":"center center","background-size":"auto","background-attachment":"scroll","background-type":"","background-media":"","overlay-type":"","overlay-color":"","overlay-opacity":"","overlay-gradient":""}},"ast-content-background-meta":{"desktop":{"background-color":"var(--ast-global-color-5)","background-image":"","background-repeat":"repeat","background-position":"center center","background-size":"auto","background-attachment":"scroll","background-type":"","background-media":"","overlay-type":"","overlay-color":"","overlay-opacity":"","overlay-gradient":""},"tablet":{"background-color":"var(--ast-global-color-5)","background-image":"","background-repeat":"repeat","background-position":"center center","background-size":"auto","background-attachment":"scroll","background-type":"","background-media":"","overlay-type":"","overlay-color":"","overlay-opacity":"","overlay-gradient":""},"mobile":{"background-color":"var(--ast-global-color-5)","background-image":"","background-repeat":"repeat","background-position":"center center","background-size":"auto","background-attachment":"scroll","background-type":"","background-media":"","overlay-type":"","overlay-color":"","overlay-opacity":"","overlay-gradient":""}},"footnotes":""},"categories":[523,497,445,381,3,11,10,9,8,7],"tags":[521,103,267],"class_list":["post-3161","post","type-post","status-publish","format-standard","has-post-thumbnail","hentry","category-2n","category-3r","category-4t","category-5e","category-6e","category-6e-2021-2022","category-6e-2022-2023","category-6e-2023-2024","category-6e-2024-2025","category-afa","tag-afa","tag-ampa","tag-sopar"],"post_mailing_queue_ids":[],"_links":{"self":[{"href":"https:\/\/agora.xtec.cat\/ceippallach-figueres\/wp-json\/wp\/v2\/posts\/3161","targetHints":{"allow":["GET"]}}],"collection":[{"href":"https:\/\/agora.xtec.cat\/ceippallach-figueres\/wp-json\/wp\/v2\/posts"}],"about":[{"href":"https:\/\/agora.xtec.cat\/ceippallach-figueres\/wp-json\/wp\/v2\/types\/post"}],"author":[{"embeddable":true,"href":"https:\/\/agora.xtec.cat\/ceippallach-figueres\/wp-json\/wp\/v2\/users\/1"}],"replies":[{"embeddable":true,"href":"https:\/\/agora.xtec.cat\/ceippallach-figueres\/wp-json\/wp\/v2\/comments?post=3161"}],"version-history":[{"count":3,"href":"https:\/\/agora.xtec.cat\/ceippallach-figueres\/wp-json\/wp\/v2\/posts\/3161\/revisions"}],"predecessor-version":[{"id":4926,"href":"https:\/\/agora.xtec.cat\/ceippallach-figueres\/wp-json\/wp\/v2\/posts\/3161\/revisions\/4926"}],"wp:featuredmedia":[{"embeddable":true,"href":"https:\/\/agora.xtec.cat\/ceippallach-figueres\/wp-json\/wp\/v2\/media\/4924"}],"wp:attachment":[{"href":"https:\/\/agora.xtec.cat\/ceippallach-figueres\/wp-json\/wp\/v2\/media?parent=3161"}],"wp:term":[{"taxonomy":"category","embeddable":true,"href":"https:\/\/agora.xtec.cat\/ceippallach-figueres\/wp-json\/wp\/v2\/categories?post=3161"},{"taxonomy":"post_tag","embeddable":true,"href":"https:\/\/agora.xtec.cat\/ceippallach-figueres\/wp-json\/wp\/v2\/tags?post=3161"}],"curies":[{"name":"wp","href":"https:\/\/api.w.org\/{rel}","templated":true}]}}