{"id":3143,"date":"2019-05-28T09:11:03","date_gmt":"2019-05-28T07:11:03","guid":{"rendered":"http:\/\/agora.xtec.cat\/ceippallach-figueres\/?p=3143"},"modified":"2019-11-20T15:49:26","modified_gmt":"2019-11-20T14:49:26","slug":"viii-premi-de-narrativa-periodistica","status":"publish","type":"post","link":"https:\/\/agora.xtec.cat\/ceippallach-figueres\/general\/viii-premi-de-narrativa-periodistica\/","title":{"rendered":"VIII Premi de Narrativa Period\u00edstica"},"content":{"rendered":"<p>El passat dissabte 16 de mar\u00e7 es va realitzar el <a href=\"https:\/\/drive.google.com\/file\/d\/1hXg8y3DNasiIDImTefWgitHabb1aTUd1\/preview\">VIII Concurs de Narrativa Period\u00edstica<\/a> al Serveis Educatius de l&#8217;Alt Empord\u00e0. Hi van participar un totals de 30 escoles de prim\u00e0ria i com a representants del nostre centre hi van anar dos alumnes de 6\u00e8: l&#8217;\u00c0lex S\u00e1ez i en Xavi Lara. Tots dos van haver de continuar una hist\u00f2ria sobre un petit secret, el comen\u00e7ament de la qual ja venia donat. La hist\u00f2ria d\u2019en Xavi va resultar ser finalista dels premis que es van lliurar a l&#8217;Auditori dels Caputxins el dijous dia 4 d\u2019abril.<\/p>\n<p class=\"western\" lang=\"ca-ES\" align=\"justify\"><a href=\"https:\/\/photos.app.goo.gl\/WVLh9vgbhYC7Dc4ZA\">Aqu\u00ed podeu veure les fotos de l\u2019acte<\/a>.<\/p>\n<p>&nbsp;<\/p>\n<p><a href=\"https:\/\/photos.app.goo.gl\/DYLt1Xxn6DdsUZNU6\"><img loading=\"lazy\" decoding=\"async\" class=\"alignnone size-large wp-image-3167\" src=\"https:\/\/agora.xtec.cat\/ceippallach-figueres\/wp-content\/uploads\/usu654\/2019\/05\/\u00c0lex-i-Xavi-1024x768.jpg\" alt=\"\" width=\"1024\" height=\"768\" srcset=\"https:\/\/agora.xtec.cat\/ceippallach-figueres\/wp-content\/uploads\/usu654\/2019\/05\/\u00c0lex-i-Xavi-1024x768.jpg 1024w, https:\/\/agora.xtec.cat\/ceippallach-figueres\/wp-content\/uploads\/usu654\/2019\/05\/\u00c0lex-i-Xavi-300x225.jpg 300w, https:\/\/agora.xtec.cat\/ceippallach-figueres\/wp-content\/uploads\/usu654\/2019\/05\/\u00c0lex-i-Xavi-768x576.jpg 768w, https:\/\/agora.xtec.cat\/ceippallach-figueres\/wp-content\/uploads\/usu654\/2019\/05\/\u00c0lex-i-Xavi-200x150.jpg 200w, https:\/\/agora.xtec.cat\/ceippallach-figueres\/wp-content\/uploads\/usu654\/2019\/05\/\u00c0lex-i-Xavi.jpg 1600w\" sizes=\"auto, (max-width: 1024px) 100vw, 1024px\" \/><\/a><\/p>\n","protected":false},"excerpt":{"rendered":"<p>El passat dissabte 16 de mar\u00e7 es va realitzar el VIII Concurs de Narrativa Period\u00edstica al Serveis Educatius de l&#8217;Alt Empord\u00e0. Hi van participar un totals de 30 escoles de prim\u00e0ria i com a representants del nostre centre hi van anar dos alumnes de 6\u00e8: l&#8217;\u00c0lex S\u00e1ez i en Xavi Lara. Tots dos van haver [&hellip;]<\/p>\n","protected":false},"author":1,"featured_media":3167,"comment_status":"open","ping_status":"closed","sticky":false,"template":"","format":"standard","meta":{"_bbp_topic_count":0,"_bbp_reply_count":0,"_bbp_total_topic_count":0,"_bbp_total_reply_count":0,"_bbp_voice_count":0,"_bbp_anonymous_reply_count":0,"_bbp_topic_count_hidden":0,"_bbp_reply_count_hidden":0,"_bbp_forum_subforum_count":0,"site-sidebar-layout":"default","site-content-layout":"","ast-site-content-layout":"","site-content-style":"default","site-sidebar-style":"default","ast-global-header-display":"","ast-banner-title-visibility":"","ast-main-header-display":"","ast-hfb-above-header-display":"","ast-hfb-below-header-display":"","ast-hfb-mobile-header-display":"","site-post-title":"","ast-breadcrumbs-content":"","ast-featured-img":"","footer-sml-layout":"","theme-transparent-header-meta":"","adv-header-id-meta":"","stick-header-meta":"","header-above-stick-meta":"","header-main-stick-meta":"","header-below-stick-meta":"","astra-migrate-meta-layouts":"default","ast-page-background-enabled":"default","ast-page-background-meta":{"desktop":{"background-color":"var(--ast-global-color-4)","background-image":"","background-repeat":"repeat","background-position":"center center","background-size":"auto","background-attachment":"scroll","background-type":"","background-media":"","overlay-type":"","overlay-color":"","overlay-opacity":"","overlay-gradient":""},"tablet":{"background-color":"","background-image":"","background-repeat":"repeat","background-position":"center center","background-size":"auto","background-attachment":"scroll","background-type":"","background-media":"","overlay-type":"","overlay-color":"","overlay-opacity":"","overlay-gradient":""},"mobile":{"background-color":"","background-image":"","background-repeat":"repeat","background-position":"center center","background-size":"auto","background-attachment":"scroll","background-type":"","background-media":"","overlay-type":"","overlay-color":"","overlay-opacity":"","overlay-gradient":""}},"ast-content-background-meta":{"desktop":{"background-color":"var(--ast-global-color-5)","background-image":"","background-repeat":"repeat","background-position":"center center","background-size":"auto","background-attachment":"scroll","background-type":"","background-media":"","overlay-type":"","overlay-color":"","overlay-opacity":"","overlay-gradient":""},"tablet":{"background-color":"var(--ast-global-color-5)","background-image":"","background-repeat":"repeat","background-position":"center center","background-size":"auto","background-attachment":"scroll","background-type":"","background-media":"","overlay-type":"","overlay-color":"","overlay-opacity":"","overlay-gradient":""},"mobile":{"background-color":"var(--ast-global-color-5)","background-image":"","background-repeat":"repeat","background-position":"center center","background-size":"auto","background-attachment":"scroll","background-type":"","background-media":"","overlay-type":"","overlay-color":"","overlay-opacity":"","overlay-gradient":""}},"footnotes":""},"categories":[1],"tags":[355,248],"class_list":["post-3143","post","type-post","status-publish","format-standard","has-post-thumbnail","hentry","category-general","tag-narrativa-periodistica","tag-premi"],"post_mailing_queue_ids":[],"_links":{"self":[{"href":"https:\/\/agora.xtec.cat\/ceippallach-figueres\/wp-json\/wp\/v2\/posts\/3143","targetHints":{"allow":["GET"]}}],"collection":[{"href":"https:\/\/agora.xtec.cat\/ceippallach-figueres\/wp-json\/wp\/v2\/posts"}],"about":[{"href":"https:\/\/agora.xtec.cat\/ceippallach-figueres\/wp-json\/wp\/v2\/types\/post"}],"author":[{"embeddable":true,"href":"https:\/\/agora.xtec.cat\/ceippallach-figueres\/wp-json\/wp\/v2\/users\/1"}],"replies":[{"embeddable":true,"href":"https:\/\/agora.xtec.cat\/ceippallach-figueres\/wp-json\/wp\/v2\/comments?post=3143"}],"version-history":[{"count":4,"href":"https:\/\/agora.xtec.cat\/ceippallach-figueres\/wp-json\/wp\/v2\/posts\/3143\/revisions"}],"predecessor-version":[{"id":3168,"href":"https:\/\/agora.xtec.cat\/ceippallach-figueres\/wp-json\/wp\/v2\/posts\/3143\/revisions\/3168"}],"wp:featuredmedia":[{"embeddable":true,"href":"https:\/\/agora.xtec.cat\/ceippallach-figueres\/wp-json\/wp\/v2\/media\/3167"}],"wp:attachment":[{"href":"https:\/\/agora.xtec.cat\/ceippallach-figueres\/wp-json\/wp\/v2\/media?parent=3143"}],"wp:term":[{"taxonomy":"category","embeddable":true,"href":"https:\/\/agora.xtec.cat\/ceippallach-figueres\/wp-json\/wp\/v2\/categories?post=3143"},{"taxonomy":"post_tag","embeddable":true,"href":"https:\/\/agora.xtec.cat\/ceippallach-figueres\/wp-json\/wp\/v2\/tags?post=3143"}],"curies":[{"name":"wp","href":"https:\/\/api.w.org\/{rel}","templated":true}]}}