{"id":3055,"date":"2019-04-13T01:13:47","date_gmt":"2019-04-12T23:13:47","guid":{"rendered":"http:\/\/agora.xtec.cat\/ceippallach-figueres\/?p=3055"},"modified":"2019-06-04T09:22:44","modified_gmt":"2019-06-04T07:22:44","slug":"ens-ha-visitat-en-jaume-cela","status":"publish","type":"post","link":"https:\/\/agora.xtec.cat\/ceippallach-figueres\/general\/ens-ha-visitat-en-jaume-cela\/","title":{"rendered":"Ens ha visitat en Jaume Cela"},"content":{"rendered":"<p>Els alumnes de tercer hem llegit\u00a0el llibre de Jaume Cela titulat &#8220;Em dic Aran, i m&#8217;encanta escriure&#8221;.\u00a0 El passat dia 10 d&#8217;abril vam gaudir\u00a0 de la seva visita. Ens va explicar que a l&#8217;igual que l\u00b4Aran s&#8217;ho passa molt b\u00e9 escrivint i explicant hist\u00f2ries. Segons ell la inspiraci\u00f3 consisteix en treballar molt, ser constant, tenir capacitat d&#8217;esfor\u00e7 i sobretot con\u00e8ixer moltes paraules per poder-les utilitzar.\u00a0 Molts dels alumnes li han expressat que s&#8217;ho han passat b\u00e9 llegint\u00a0 aquest llibre.<\/p>\n<p>Una bona experi\u00e8ncia per a tots!<\/p>\n<p><a href=\"https:\/\/agora.xtec.cat\/ceippallach-figueres\/wp-content\/uploads\/usu654\/2019\/04\/Jaume-Cela.jpg\"><img loading=\"lazy\" decoding=\"async\" class=\"alignnone size-full wp-image-3056\" src=\"https:\/\/agora.xtec.cat\/ceippallach-figueres\/wp-content\/uploads\/usu654\/2019\/04\/Jaume-Cela.jpg\" alt=\"\" width=\"800\" height=\"450\" srcset=\"https:\/\/agora.xtec.cat\/ceippallach-figueres\/wp-content\/uploads\/usu654\/2019\/04\/Jaume-Cela.jpg 800w, https:\/\/agora.xtec.cat\/ceippallach-figueres\/wp-content\/uploads\/usu654\/2019\/04\/Jaume-Cela-300x169.jpg 300w, https:\/\/agora.xtec.cat\/ceippallach-figueres\/wp-content\/uploads\/usu654\/2019\/04\/Jaume-Cela-768x432.jpg 768w\" sizes=\"auto, (max-width: 800px) 100vw, 800px\" \/><\/a><\/p>\n","protected":false},"excerpt":{"rendered":"<p>Els alumnes de tercer hem llegit\u00a0el llibre de Jaume Cela titulat &#8220;Em dic Aran, i m&#8217;encanta escriure&#8221;.\u00a0 El passat dia 10 d&#8217;abril vam gaudir\u00a0 de la seva visita. Ens va explicar que a l&#8217;igual que l\u00b4Aran s&#8217;ho passa molt b\u00e9 escrivint i explicant hist\u00f2ries. Segons ell la inspiraci\u00f3 consisteix en treballar molt, ser constant, tenir [&hellip;]<\/p>\n","protected":false},"author":1,"featured_media":3056,"comment_status":"open","ping_status":"closed","sticky":false,"template":"","format":"standard","meta":{"_bbp_topic_count":0,"_bbp_reply_count":0,"_bbp_total_topic_count":0,"_bbp_total_reply_count":0,"_bbp_voice_count":0,"_bbp_anonymous_reply_count":0,"_bbp_topic_count_hidden":0,"_bbp_reply_count_hidden":0,"_bbp_forum_subforum_count":0,"site-sidebar-layout":"default","site-content-layout":"","ast-site-content-layout":"","site-content-style":"default","site-sidebar-style":"default","ast-global-header-display":"","ast-banner-title-visibility":"","ast-main-header-display":"","ast-hfb-above-header-display":"","ast-hfb-below-header-display":"","ast-hfb-mobile-header-display":"","site-post-title":"","ast-breadcrumbs-content":"","ast-featured-img":"","footer-sml-layout":"","theme-transparent-header-meta":"","adv-header-id-meta":"","stick-header-meta":"","header-above-stick-meta":"","header-main-stick-meta":"","header-below-stick-meta":"","astra-migrate-meta-layouts":"default","ast-page-background-enabled":"default","ast-page-background-meta":{"desktop":{"background-color":"var(--ast-global-color-4)","background-image":"","background-repeat":"repeat","background-position":"center center","background-size":"auto","background-attachment":"scroll","background-type":"","background-media":"","overlay-type":"","overlay-color":"","overlay-opacity":"","overlay-gradient":""},"tablet":{"background-color":"","background-image":"","background-repeat":"repeat","background-position":"center center","background-size":"auto","background-attachment":"scroll","background-type":"","background-media":"","overlay-type":"","overlay-color":"","overlay-opacity":"","overlay-gradient":""},"mobile":{"background-color":"","background-image":"","background-repeat":"repeat","background-position":"center center","background-size":"auto","background-attachment":"scroll","background-type":"","background-media":"","overlay-type":"","overlay-color":"","overlay-opacity":"","overlay-gradient":""}},"ast-content-background-meta":{"desktop":{"background-color":"var(--ast-global-color-5)","background-image":"","background-repeat":"repeat","background-position":"center center","background-size":"auto","background-attachment":"scroll","background-type":"","background-media":"","overlay-type":"","overlay-color":"","overlay-opacity":"","overlay-gradient":""},"tablet":{"background-color":"var(--ast-global-color-5)","background-image":"","background-repeat":"repeat","background-position":"center center","background-size":"auto","background-attachment":"scroll","background-type":"","background-media":"","overlay-type":"","overlay-color":"","overlay-opacity":"","overlay-gradient":""},"mobile":{"background-color":"var(--ast-global-color-5)","background-image":"","background-repeat":"repeat","background-position":"center center","background-size":"auto","background-attachment":"scroll","background-type":"","background-media":"","overlay-type":"","overlay-color":"","overlay-opacity":"","overlay-gradient":""}},"footnotes":""},"categories":[1],"tags":[413,412],"class_list":["post-3055","post","type-post","status-publish","format-standard","has-post-thumbnail","hentry","category-general","tag-jaume-cela","tag-visita-autor"],"post_mailing_queue_ids":[],"_links":{"self":[{"href":"https:\/\/agora.xtec.cat\/ceippallach-figueres\/wp-json\/wp\/v2\/posts\/3055","targetHints":{"allow":["GET"]}}],"collection":[{"href":"https:\/\/agora.xtec.cat\/ceippallach-figueres\/wp-json\/wp\/v2\/posts"}],"about":[{"href":"https:\/\/agora.xtec.cat\/ceippallach-figueres\/wp-json\/wp\/v2\/types\/post"}],"author":[{"embeddable":true,"href":"https:\/\/agora.xtec.cat\/ceippallach-figueres\/wp-json\/wp\/v2\/users\/1"}],"replies":[{"embeddable":true,"href":"https:\/\/agora.xtec.cat\/ceippallach-figueres\/wp-json\/wp\/v2\/comments?post=3055"}],"version-history":[{"count":3,"href":"https:\/\/agora.xtec.cat\/ceippallach-figueres\/wp-json\/wp\/v2\/posts\/3055\/revisions"}],"predecessor-version":[{"id":3061,"href":"https:\/\/agora.xtec.cat\/ceippallach-figueres\/wp-json\/wp\/v2\/posts\/3055\/revisions\/3061"}],"wp:featuredmedia":[{"embeddable":true,"href":"https:\/\/agora.xtec.cat\/ceippallach-figueres\/wp-json\/wp\/v2\/media\/3056"}],"wp:attachment":[{"href":"https:\/\/agora.xtec.cat\/ceippallach-figueres\/wp-json\/wp\/v2\/media?parent=3055"}],"wp:term":[{"taxonomy":"category","embeddable":true,"href":"https:\/\/agora.xtec.cat\/ceippallach-figueres\/wp-json\/wp\/v2\/categories?post=3055"},{"taxonomy":"post_tag","embeddable":true,"href":"https:\/\/agora.xtec.cat\/ceippallach-figueres\/wp-json\/wp\/v2\/tags?post=3055"}],"curies":[{"name":"wp","href":"https:\/\/api.w.org\/{rel}","templated":true}]}}