{"id":2989,"date":"2019-03-12T17:04:41","date_gmt":"2019-03-12T16:04:41","guid":{"rendered":"http:\/\/agora.xtec.cat\/ceippallach-figueres\/?p=2989"},"modified":"2019-11-20T15:50:37","modified_gmt":"2019-11-20T14:50:37","slug":"noves-estructures-al-pati","status":"publish","type":"post","link":"https:\/\/agora.xtec.cat\/ceippallach-figueres\/afa\/noves-estructures-al-pati\/","title":{"rendered":"Noves estructures al pati"},"content":{"rendered":"<p>Com a part del Projecte de Transformaci\u00f3 del Pati, els \u00faltims mesos s&#8217;han instal\u00b7lat noves estructures al pati de l&#8217;escola. Abans de Nadal vam estrenar dues taules i una \u00e0gora, i les \u00faltimes setmanes una cabana i un tipi. Moltes gr\u00e0cies a l&#8217;AMPA de l&#8217;escola per aquests regals!<\/p>\n<p><a href=\"https:\/\/photos.app.goo.gl\/rnUGmCyYRvot7R4n8\"><img loading=\"lazy\" decoding=\"async\" class=\"alignnone size-large wp-image-2990\" src=\"https:\/\/agora.xtec.cat\/ceippallach-figueres\/wp-content\/uploads\/usu654\/2019\/03\/IMG_20190213_145856-COLLAGE-1024x1024.jpg\" alt=\"\" width=\"1024\" height=\"1024\" srcset=\"https:\/\/agora.xtec.cat\/ceippallach-figueres\/wp-content\/uploads\/usu654\/2019\/03\/IMG_20190213_145856-COLLAGE-1024x1024.jpg 1024w, https:\/\/agora.xtec.cat\/ceippallach-figueres\/wp-content\/uploads\/usu654\/2019\/03\/IMG_20190213_145856-COLLAGE-150x150.jpg 150w, https:\/\/agora.xtec.cat\/ceippallach-figueres\/wp-content\/uploads\/usu654\/2019\/03\/IMG_20190213_145856-COLLAGE-300x300.jpg 300w, https:\/\/agora.xtec.cat\/ceippallach-figueres\/wp-content\/uploads\/usu654\/2019\/03\/IMG_20190213_145856-COLLAGE-768x768.jpg 768w, https:\/\/agora.xtec.cat\/ceippallach-figueres\/wp-content\/uploads\/usu654\/2019\/03\/IMG_20190213_145856-COLLAGE.jpg 2046w\" sizes=\"auto, (max-width: 1024px) 100vw, 1024px\" \/><\/a><\/p>\n<p>Cliqueu <a href=\"https:\/\/agora.xtec.cat\/ceippallach-figueres\/portada\/engeguem-el-projecte-pati\/\">aqu\u00ed<\/a> per saber m\u00e9s sobre el Projecte de Transformaci\u00f3 del Pati, i <a href=\"https:\/\/agora.xtec.cat\/ceippallach-figueres\/infantil\/p4\/treballem-amb-alumnes-del-deulofeu\/\">aqu\u00ed<\/a> per veure el treball conjunt que estem fent amb l&#8217;institut Alexandre Deulofeu i la il\u00b7lustradora W\u00e4w\u00e4.<\/p>\n","protected":false},"excerpt":{"rendered":"<p>Com a part del Projecte de Transformaci\u00f3 del Pati, els \u00faltims mesos s&#8217;han instal\u00b7lat noves estructures al pati de l&#8217;escola. Abans de Nadal vam estrenar dues taules i una \u00e0gora, i les \u00faltimes setmanes una cabana i un tipi. Moltes gr\u00e0cies a l&#8217;AMPA de l&#8217;escola per aquests regals!<\/p>\n","protected":false},"author":1,"featured_media":2990,"comment_status":"open","ping_status":"closed","sticky":false,"template":"","format":"standard","meta":{"_bbp_topic_count":0,"_bbp_reply_count":0,"_bbp_total_topic_count":0,"_bbp_total_reply_count":0,"_bbp_voice_count":0,"_bbp_anonymous_reply_count":0,"_bbp_topic_count_hidden":0,"_bbp_reply_count_hidden":0,"_bbp_forum_subforum_count":0,"site-sidebar-layout":"default","site-content-layout":"","ast-site-content-layout":"","site-content-style":"default","site-sidebar-style":"default","ast-global-header-display":"","ast-banner-title-visibility":"","ast-main-header-display":"","ast-hfb-above-header-display":"","ast-hfb-below-header-display":"","ast-hfb-mobile-header-display":"","site-post-title":"","ast-breadcrumbs-content":"","ast-featured-img":"","footer-sml-layout":"","theme-transparent-header-meta":"","adv-header-id-meta":"","stick-header-meta":"","header-above-stick-meta":"","header-main-stick-meta":"","header-below-stick-meta":"","astra-migrate-meta-layouts":"default","ast-page-background-enabled":"default","ast-page-background-meta":{"desktop":{"background-color":"var(--ast-global-color-4)","background-image":"","background-repeat":"repeat","background-position":"center center","background-size":"auto","background-attachment":"scroll","background-type":"","background-media":"","overlay-type":"","overlay-color":"","overlay-opacity":"","overlay-gradient":""},"tablet":{"background-color":"","background-image":"","background-repeat":"repeat","background-position":"center center","background-size":"auto","background-attachment":"scroll","background-type":"","background-media":"","overlay-type":"","overlay-color":"","overlay-opacity":"","overlay-gradient":""},"mobile":{"background-color":"","background-image":"","background-repeat":"repeat","background-position":"center center","background-size":"auto","background-attachment":"scroll","background-type":"","background-media":"","overlay-type":"","overlay-color":"","overlay-opacity":"","overlay-gradient":""}},"ast-content-background-meta":{"desktop":{"background-color":"var(--ast-global-color-5)","background-image":"","background-repeat":"repeat","background-position":"center center","background-size":"auto","background-attachment":"scroll","background-type":"","background-media":"","overlay-type":"","overlay-color":"","overlay-opacity":"","overlay-gradient":""},"tablet":{"background-color":"var(--ast-global-color-5)","background-image":"","background-repeat":"repeat","background-position":"center center","background-size":"auto","background-attachment":"scroll","background-type":"","background-media":"","overlay-type":"","overlay-color":"","overlay-opacity":"","overlay-gradient":""},"mobile":{"background-color":"var(--ast-global-color-5)","background-image":"","background-repeat":"repeat","background-position":"center center","background-size":"auto","background-attachment":"scroll","background-type":"","background-media":"","overlay-type":"","overlay-color":"","overlay-opacity":"","overlay-gradient":""}},"footnotes":""},"categories":[7],"tags":[103,404],"class_list":["post-2989","post","type-post","status-publish","format-standard","has-post-thumbnail","hentry","category-afa","tag-ampa","tag-projecte-pati"],"post_mailing_queue_ids":[],"_links":{"self":[{"href":"https:\/\/agora.xtec.cat\/ceippallach-figueres\/wp-json\/wp\/v2\/posts\/2989","targetHints":{"allow":["GET"]}}],"collection":[{"href":"https:\/\/agora.xtec.cat\/ceippallach-figueres\/wp-json\/wp\/v2\/posts"}],"about":[{"href":"https:\/\/agora.xtec.cat\/ceippallach-figueres\/wp-json\/wp\/v2\/types\/post"}],"author":[{"embeddable":true,"href":"https:\/\/agora.xtec.cat\/ceippallach-figueres\/wp-json\/wp\/v2\/users\/1"}],"replies":[{"embeddable":true,"href":"https:\/\/agora.xtec.cat\/ceippallach-figueres\/wp-json\/wp\/v2\/comments?post=2989"}],"version-history":[{"count":1,"href":"https:\/\/agora.xtec.cat\/ceippallach-figueres\/wp-json\/wp\/v2\/posts\/2989\/revisions"}],"predecessor-version":[{"id":2991,"href":"https:\/\/agora.xtec.cat\/ceippallach-figueres\/wp-json\/wp\/v2\/posts\/2989\/revisions\/2991"}],"wp:featuredmedia":[{"embeddable":true,"href":"https:\/\/agora.xtec.cat\/ceippallach-figueres\/wp-json\/wp\/v2\/media\/2990"}],"wp:attachment":[{"href":"https:\/\/agora.xtec.cat\/ceippallach-figueres\/wp-json\/wp\/v2\/media?parent=2989"}],"wp:term":[{"taxonomy":"category","embeddable":true,"href":"https:\/\/agora.xtec.cat\/ceippallach-figueres\/wp-json\/wp\/v2\/categories?post=2989"},{"taxonomy":"post_tag","embeddable":true,"href":"https:\/\/agora.xtec.cat\/ceippallach-figueres\/wp-json\/wp\/v2\/tags?post=2989"}],"curies":[{"name":"wp","href":"https:\/\/api.w.org\/{rel}","templated":true}]}}