{"id":2919,"date":"2019-02-08T19:38:50","date_gmt":"2019-02-08T18:38:50","guid":{"rendered":"http:\/\/agora.xtec.cat\/ceippallach-figueres\/?p=2919"},"modified":"2019-11-20T15:50:26","modified_gmt":"2019-11-20T14:50:26","slug":"treballem-amb-alumnes-del-deulofeu","status":"publish","type":"post","link":"https:\/\/agora.xtec.cat\/ceippallach-figueres\/primaria\/6e\/treballem-amb-alumnes-del-deulofeu\/","title":{"rendered":"Treballem amb alumnes del Deulofeu"},"content":{"rendered":"<p>El divendres 8 de febrer hem rebut a l&#8217;escola la visita d&#8217;alumnes de 1r de Batxillerat Art\u00edstic de l&#8217;institut Alexandre Deulofeu. Amb ells i amb la il\u00b7lustradora Alba Falgarona (W\u00e4w\u00e4) estem treballant un projecte al voltant de la diversitat que acabar\u00e0 amb la creaci\u00f3 d&#8217;un mural al pati de l&#8217;escola.<\/p>\n<p>Despr\u00e9s de la rebuda que els hem fet al pati amb garrotins i la can\u00e7\u00f3 &#8220;L&#8217;escola que volem&#8221;, la trentena d\u2019alumnes del Deulofeu que han vingut han\u00a0pogut observar \u00a0el treball que els nens i nenes hem estat\u00a0fent amb les mestres i hem comen\u00e7at tots junts el proc\u00e9s de transformaci\u00f3 de les nostres\u00a0idees en material art\u00edstic. Ens ho hem passat molt b\u00e9!<\/p>\n<p>El seg\u00fcent pas del projecte, que\u00a0<span style=\"line-height: 25.6px;\">ha estat impulsat per l&#8217;AMPA de l&#8217;escola,<\/span><span style=\"font-family: inherit; font-size: 1em; line-height: 1.6;\">\u00a0tindr\u00e0 com a protagonistes els alumnes de\u00a0batxillerat i la W\u00e4w\u00e4, i consistir\u00e0 en la planificaci\u00f3 de l\u2019obra final.<\/span><\/p>\n<p><a href=\"https:\/\/photos.app.goo.gl\/KgxCRBPV8CH2HEDVA\"><img loading=\"lazy\" decoding=\"async\" class=\"alignnone size-large wp-image-2920\" src=\"https:\/\/agora.xtec.cat\/ceippallach-figueres\/wp-content\/uploads\/usu654\/2019\/02\/IMG_8505-COLLAGE-1024x1024.jpg\" alt=\"\" width=\"1024\" height=\"1024\" srcset=\"https:\/\/agora.xtec.cat\/ceippallach-figueres\/wp-content\/uploads\/usu654\/2019\/02\/IMG_8505-COLLAGE-1024x1024.jpg 1024w, https:\/\/agora.xtec.cat\/ceippallach-figueres\/wp-content\/uploads\/usu654\/2019\/02\/IMG_8505-COLLAGE-150x150.jpg 150w, https:\/\/agora.xtec.cat\/ceippallach-figueres\/wp-content\/uploads\/usu654\/2019\/02\/IMG_8505-COLLAGE-300x300.jpg 300w, https:\/\/agora.xtec.cat\/ceippallach-figueres\/wp-content\/uploads\/usu654\/2019\/02\/IMG_8505-COLLAGE-768x768.jpg 768w, https:\/\/agora.xtec.cat\/ceippallach-figueres\/wp-content\/uploads\/usu654\/2019\/02\/IMG_8505-COLLAGE.jpg 2047w\" sizes=\"auto, (max-width: 1024px) 100vw, 1024px\" \/><\/a><\/p>\n","protected":false},"excerpt":{"rendered":"<p>El divendres 8 de febrer hem rebut a l&#8217;escola la visita d&#8217;alumnes de 1r de Batxillerat Art\u00edstic de l&#8217;institut Alexandre Deulofeu.<\/p>\n","protected":false},"author":1,"featured_media":2920,"comment_status":"open","ping_status":"closed","sticky":false,"template":"","format":"standard","meta":{"_bbp_topic_count":0,"_bbp_reply_count":0,"_bbp_total_topic_count":0,"_bbp_total_reply_count":0,"_bbp_voice_count":0,"_bbp_anonymous_reply_count":0,"_bbp_topic_count_hidden":0,"_bbp_reply_count_hidden":0,"_bbp_forum_subforum_count":0,"site-sidebar-layout":"default","site-content-layout":"","ast-site-content-layout":"","site-content-style":"default","site-sidebar-style":"default","ast-global-header-display":"","ast-banner-title-visibility":"","ast-main-header-display":"","ast-hfb-above-header-display":"","ast-hfb-below-header-display":"","ast-hfb-mobile-header-display":"","site-post-title":"","ast-breadcrumbs-content":"","ast-featured-img":"","footer-sml-layout":"","theme-transparent-header-meta":"","adv-header-id-meta":"","stick-header-meta":"","header-above-stick-meta":"","header-main-stick-meta":"","header-below-stick-meta":"","astra-migrate-meta-layouts":"default","ast-page-background-enabled":"default","ast-page-background-meta":{"desktop":{"background-color":"var(--ast-global-color-4)","background-image":"","background-repeat":"repeat","background-position":"center center","background-size":"auto","background-attachment":"scroll","background-type":"","background-media":"","overlay-type":"","overlay-color":"","overlay-opacity":"","overlay-gradient":""},"tablet":{"background-color":"","background-image":"","background-repeat":"repeat","background-position":"center center","background-size":"auto","background-attachment":"scroll","background-type":"","background-media":"","overlay-type":"","overlay-color":"","overlay-opacity":"","overlay-gradient":""},"mobile":{"background-color":"","background-image":"","background-repeat":"repeat","background-position":"center center","background-size":"auto","background-attachment":"scroll","background-type":"","background-media":"","overlay-type":"","overlay-color":"","overlay-opacity":"","overlay-gradient":""}},"ast-content-background-meta":{"desktop":{"background-color":"var(--ast-global-color-5)","background-image":"","background-repeat":"repeat","background-position":"center center","background-size":"auto","background-attachment":"scroll","background-type":"","background-media":"","overlay-type":"","overlay-color":"","overlay-opacity":"","overlay-gradient":""},"tablet":{"background-color":"var(--ast-global-color-5)","background-image":"","background-repeat":"repeat","background-position":"center center","background-size":"auto","background-attachment":"scroll","background-type":"","background-media":"","overlay-type":"","overlay-color":"","overlay-opacity":"","overlay-gradient":""},"mobile":{"background-color":"var(--ast-global-color-5)","background-image":"","background-repeat":"repeat","background-position":"center center","background-size":"auto","background-attachment":"scroll","background-type":"","background-media":"","overlay-type":"","overlay-color":"","overlay-opacity":"","overlay-gradient":""}},"footnotes":""},"categories":[381,3,14,13,12,11,10,9,8,7],"tags":[240,241,404],"class_list":["post-2919","post","type-post","status-publish","format-standard","has-post-thumbnail","hentry","category-5e","category-6e","category-6e-2018-2019","category-6e-2019-2020","category-6e-2020-2021","category-6e-2021-2022","category-6e-2022-2023","category-6e-2023-2024","category-6e-2024-2025","category-afa","tag-pati","tag-projecte","tag-projecte-pati"],"post_mailing_queue_ids":[],"_links":{"self":[{"href":"https:\/\/agora.xtec.cat\/ceippallach-figueres\/wp-json\/wp\/v2\/posts\/2919","targetHints":{"allow":["GET"]}}],"collection":[{"href":"https:\/\/agora.xtec.cat\/ceippallach-figueres\/wp-json\/wp\/v2\/posts"}],"about":[{"href":"https:\/\/agora.xtec.cat\/ceippallach-figueres\/wp-json\/wp\/v2\/types\/post"}],"author":[{"embeddable":true,"href":"https:\/\/agora.xtec.cat\/ceippallach-figueres\/wp-json\/wp\/v2\/users\/1"}],"replies":[{"embeddable":true,"href":"https:\/\/agora.xtec.cat\/ceippallach-figueres\/wp-json\/wp\/v2\/comments?post=2919"}],"version-history":[{"count":2,"href":"https:\/\/agora.xtec.cat\/ceippallach-figueres\/wp-json\/wp\/v2\/posts\/2919\/revisions"}],"predecessor-version":[{"id":2922,"href":"https:\/\/agora.xtec.cat\/ceippallach-figueres\/wp-json\/wp\/v2\/posts\/2919\/revisions\/2922"}],"wp:featuredmedia":[{"embeddable":true,"href":"https:\/\/agora.xtec.cat\/ceippallach-figueres\/wp-json\/wp\/v2\/media\/2920"}],"wp:attachment":[{"href":"https:\/\/agora.xtec.cat\/ceippallach-figueres\/wp-json\/wp\/v2\/media?parent=2919"}],"wp:term":[{"taxonomy":"category","embeddable":true,"href":"https:\/\/agora.xtec.cat\/ceippallach-figueres\/wp-json\/wp\/v2\/categories?post=2919"},{"taxonomy":"post_tag","embeddable":true,"href":"https:\/\/agora.xtec.cat\/ceippallach-figueres\/wp-json\/wp\/v2\/tags?post=2919"}],"curies":[{"name":"wp","href":"https:\/\/api.w.org\/{rel}","templated":true}]}}