{"id":2894,"date":"2019-01-17T11:44:10","date_gmt":"2019-01-17T10:44:10","guid":{"rendered":"http:\/\/agora.xtec.cat\/ceippallach-figueres\/?p=2894"},"modified":"2019-03-18T09:48:09","modified_gmt":"2019-03-18T08:48:09","slug":"sortida-al-caprabo-alumnes-de-5e","status":"publish","type":"post","link":"https:\/\/agora.xtec.cat\/ceippallach-figueres\/6e-2019-2020\/sortida-al-caprabo-alumnes-de-5e\/","title":{"rendered":"Sortida al Caprabo &#8211; Alumnes de 5\u00e8"},"content":{"rendered":"<p style=\"text-align: justify;\">El dijous dia 10 de gener els alumnes de 5\u00e8 vam anar al Caprabo a fer una compra saludable.<\/p>\n<p style=\"text-align: justify;\">All\u00e0 ens van explicar tot el qu\u00e8 cal tenir en compte per seguir uns bons h\u00e0bits saludables i, en equips, vam elaborar un men\u00fa per un dia. Un cop fet el men\u00fa equilibrat i variat, tenint en compte tots els nutrients que ens aporten els aliments i les racions di\u00e0ries que cal menjar de cada grup d&#8217;aliments de la pir\u00e0mide, vam dirigir-nos a l&#8217;interior del supermercat i vam fer la compra dels aliments del nostre men\u00fa. Ens hav\u00edem d&#8217;ajustar al pressupost que ten\u00edem i hav\u00edem de tenir molta cura dels aliments que compr\u00e0vem. Finalment vam passar per caixa per pagar de forma simb\u00f2lica i vam haver de col\u00b7locar els aliments de la compra en el lloc corresponent de la pir\u00e0mide aliment\u00e0ria.<\/p>\n<p style=\"text-align: justify;\">Ens ho vam passar molt b\u00e9 i aix\u00ed vam acabar de complementar tot el treball sobre salut i nutrici\u00f3 que ja hav\u00edem treballat a classe.<\/p>\n<p><a href=\"https:\/\/photos.app.goo.gl\/PABr2gxpWcG8njPWA\"><img loading=\"lazy\" decoding=\"async\" class=\"aligncenter size-large wp-image-2895\" src=\"https:\/\/agora.xtec.cat\/ceippallach-figueres\/wp-content\/uploads\/usu654\/2019\/01\/IMG_5967-1024x768.jpeg\" alt=\"\" width=\"1024\" height=\"768\" srcset=\"https:\/\/agora.xtec.cat\/ceippallach-figueres\/wp-content\/uploads\/usu654\/2019\/01\/IMG_5967-1024x768.jpeg 1024w, https:\/\/agora.xtec.cat\/ceippallach-figueres\/wp-content\/uploads\/usu654\/2019\/01\/IMG_5967-300x225.jpeg 300w, https:\/\/agora.xtec.cat\/ceippallach-figueres\/wp-content\/uploads\/usu654\/2019\/01\/IMG_5967-768x576.jpeg 768w, https:\/\/agora.xtec.cat\/ceippallach-figueres\/wp-content\/uploads\/usu654\/2019\/01\/IMG_5967-200x150.jpeg 200w\" sizes=\"auto, (max-width: 1024px) 100vw, 1024px\" \/><\/a><\/p>\n<p>&nbsp;<\/p>\n","protected":false},"excerpt":{"rendered":"<p>El dijous dia 10 de gener els alumnes de 5\u00e8 vam anar al Caprabo a fer una compra saludable.<\/p>\n","protected":false},"author":7,"featured_media":2895,"comment_status":"open","ping_status":"closed","sticky":false,"template":"","format":"standard","meta":{"_bbp_topic_count":0,"_bbp_reply_count":0,"_bbp_total_topic_count":0,"_bbp_total_reply_count":0,"_bbp_voice_count":0,"_bbp_anonymous_reply_count":0,"_bbp_topic_count_hidden":0,"_bbp_reply_count_hidden":0,"_bbp_forum_subforum_count":0,"site-sidebar-layout":"default","site-content-layout":"","ast-site-content-layout":"","site-content-style":"default","site-sidebar-style":"default","ast-global-header-display":"","ast-banner-title-visibility":"","ast-main-header-display":"","ast-hfb-above-header-display":"","ast-hfb-below-header-display":"","ast-hfb-mobile-header-display":"","site-post-title":"","ast-breadcrumbs-content":"","ast-featured-img":"","footer-sml-layout":"","theme-transparent-header-meta":"","adv-header-id-meta":"","stick-header-meta":"","header-above-stick-meta":"","header-main-stick-meta":"","header-below-stick-meta":"","astra-migrate-meta-layouts":"default","ast-page-background-enabled":"default","ast-page-background-meta":{"desktop":{"background-color":"var(--ast-global-color-4)","background-image":"","background-repeat":"repeat","background-position":"center center","background-size":"auto","background-attachment":"scroll","background-type":"","background-media":"","overlay-type":"","overlay-color":"","overlay-opacity":"","overlay-gradient":""},"tablet":{"background-color":"","background-image":"","background-repeat":"repeat","background-position":"center center","background-size":"auto","background-attachment":"scroll","background-type":"","background-media":"","overlay-type":"","overlay-color":"","overlay-opacity":"","overlay-gradient":""},"mobile":{"background-color":"","background-image":"","background-repeat":"repeat","background-position":"center center","background-size":"auto","background-attachment":"scroll","background-type":"","background-media":"","overlay-type":"","overlay-color":"","overlay-opacity":"","overlay-gradient":""}},"ast-content-background-meta":{"desktop":{"background-color":"var(--ast-global-color-5)","background-image":"","background-repeat":"repeat","background-position":"center center","background-size":"auto","background-attachment":"scroll","background-type":"","background-media":"","overlay-type":"","overlay-color":"","overlay-opacity":"","overlay-gradient":""},"tablet":{"background-color":"var(--ast-global-color-5)","background-image":"","background-repeat":"repeat","background-position":"center center","background-size":"auto","background-attachment":"scroll","background-type":"","background-media":"","overlay-type":"","overlay-color":"","overlay-opacity":"","overlay-gradient":""},"mobile":{"background-color":"var(--ast-global-color-5)","background-image":"","background-repeat":"repeat","background-position":"center center","background-size":"auto","background-attachment":"scroll","background-type":"","background-media":"","overlay-type":"","overlay-color":"","overlay-opacity":"","overlay-gradient":""}},"footnotes":""},"categories":[13],"tags":[230],"class_list":["post-2894","post","type-post","status-publish","format-standard","has-post-thumbnail","hentry","category-6e-2019-2020","tag-habits-saludables"],"post_mailing_queue_ids":[],"_links":{"self":[{"href":"https:\/\/agora.xtec.cat\/ceippallach-figueres\/wp-json\/wp\/v2\/posts\/2894","targetHints":{"allow":["GET"]}}],"collection":[{"href":"https:\/\/agora.xtec.cat\/ceippallach-figueres\/wp-json\/wp\/v2\/posts"}],"about":[{"href":"https:\/\/agora.xtec.cat\/ceippallach-figueres\/wp-json\/wp\/v2\/types\/post"}],"author":[{"embeddable":true,"href":"https:\/\/agora.xtec.cat\/ceippallach-figueres\/wp-json\/wp\/v2\/users\/7"}],"replies":[{"embeddable":true,"href":"https:\/\/agora.xtec.cat\/ceippallach-figueres\/wp-json\/wp\/v2\/comments?post=2894"}],"version-history":[{"count":4,"href":"https:\/\/agora.xtec.cat\/ceippallach-figueres\/wp-json\/wp\/v2\/posts\/2894\/revisions"}],"predecessor-version":[{"id":3014,"href":"https:\/\/agora.xtec.cat\/ceippallach-figueres\/wp-json\/wp\/v2\/posts\/2894\/revisions\/3014"}],"wp:featuredmedia":[{"embeddable":true,"href":"https:\/\/agora.xtec.cat\/ceippallach-figueres\/wp-json\/wp\/v2\/media\/2895"}],"wp:attachment":[{"href":"https:\/\/agora.xtec.cat\/ceippallach-figueres\/wp-json\/wp\/v2\/media?parent=2894"}],"wp:term":[{"taxonomy":"category","embeddable":true,"href":"https:\/\/agora.xtec.cat\/ceippallach-figueres\/wp-json\/wp\/v2\/categories?post=2894"},{"taxonomy":"post_tag","embeddable":true,"href":"https:\/\/agora.xtec.cat\/ceippallach-figueres\/wp-json\/wp\/v2\/tags?post=2894"}],"curies":[{"name":"wp","href":"https:\/\/api.w.org\/{rel}","templated":true}]}}