{"id":2537,"date":"2018-06-04T12:12:17","date_gmt":"2018-06-04T10:12:17","guid":{"rendered":"http:\/\/agora.xtec.cat\/ceippallach-figueres\/?p=2537"},"modified":"2018-06-11T12:10:52","modified_gmt":"2018-06-11T10:10:52","slug":"sortida-als-volcans-dolot-2","status":"publish","type":"post","link":"https:\/\/agora.xtec.cat\/ceippallach-figueres\/6e-2017-2018\/sortida-als-volcans-dolot-2\/","title":{"rendered":"Sortida als volcans d&#8217;Olot"},"content":{"rendered":"<p style=\"text-align: justify;\">Els alumnes de 6\u00e8 vam anar dijous dia 31 de maig als volcans d&#8217;Olot.<a href=\"http:\/\/agora.xtec.cat\/ceippallach-figueres\/wp-content\/uploads\/usu654\/2018\/06\/Volcans.jpg\"><br \/>\n<\/a><br \/>\nAl mat\u00ed vam pujar al volc\u00e0 Sta Margarida i al migdia vam fer una sessi\u00f3 molt interessant al Croscat. Les monitores del camp d&#8217;aprenentatge de la Garrotxa ens van explicar un munt de coses interessants. Vam poder veure de prop tot el material pirocl\u00e0stic i vam observar i analitzar les caracter\u00edstiques pr\u00f2pies de cada volc\u00e0. El temps ens va acompanyar i vam gaudir d&#8217;una sortida molt enriquidora\u00a0i divertida alhora.<\/p>\n<p><a href=\"https:\/\/photos.app.goo.gl\/LSPJhd6p6d1WyNd9A\"><img loading=\"lazy\" decoding=\"async\" class=\"aligncenter size-large wp-image-2539\" src=\"http:\/\/agora.xtec.cat\/ceippallach-figueres\/wp-content\/uploads\/usu654\/2018\/06\/Volcans-1-760x1024.jpg\" alt=\"\" width=\"760\" height=\"1024\" srcset=\"https:\/\/agora.xtec.cat\/ceippallach-figueres\/wp-content\/uploads\/usu654\/2018\/06\/Volcans-1-760x1024.jpg 760w, https:\/\/agora.xtec.cat\/ceippallach-figueres\/wp-content\/uploads\/usu654\/2018\/06\/Volcans-1-223x300.jpg 223w, https:\/\/agora.xtec.cat\/ceippallach-figueres\/wp-content\/uploads\/usu654\/2018\/06\/Volcans-1-768x1035.jpg 768w, https:\/\/agora.xtec.cat\/ceippallach-figueres\/wp-content\/uploads\/usu654\/2018\/06\/Volcans-1.jpg 800w\" sizes=\"auto, (max-width: 760px) 100vw, 760px\" \/><\/a><\/p>\n","protected":false},"excerpt":{"rendered":"<p>Els alumnes de 6\u00e8 vam anar dijous dia 31 de maig als volcans d&#8217;Olot. Al mat\u00ed vam pujar al volc\u00e0 Sta Margarida i al migdia vam fer una sessi\u00f3 molt interessant al Croscat. Les monitores del camp d&#8217;aprenentatge de la Garrotxa ens van explicar un munt de coses interessants. Vam poder veure de prop tot [&hellip;]<\/p>\n","protected":false},"author":7,"featured_media":2538,"comment_status":"open","ping_status":"closed","sticky":false,"template":"","format":"standard","meta":{"_bbp_topic_count":0,"_bbp_reply_count":0,"_bbp_total_topic_count":0,"_bbp_total_reply_count":0,"_bbp_voice_count":0,"_bbp_anonymous_reply_count":0,"_bbp_topic_count_hidden":0,"_bbp_reply_count_hidden":0,"_bbp_forum_subforum_count":0,"site-sidebar-layout":"default","site-content-layout":"","ast-site-content-layout":"","site-content-style":"default","site-sidebar-style":"default","ast-global-header-display":"","ast-banner-title-visibility":"","ast-main-header-display":"","ast-hfb-above-header-display":"","ast-hfb-below-header-display":"","ast-hfb-mobile-header-display":"","site-post-title":"","ast-breadcrumbs-content":"","ast-featured-img":"","footer-sml-layout":"","theme-transparent-header-meta":"","adv-header-id-meta":"","stick-header-meta":"","header-above-stick-meta":"","header-main-stick-meta":"","header-below-stick-meta":"","astra-migrate-meta-layouts":"default","ast-page-background-enabled":"default","ast-page-background-meta":{"desktop":{"background-color":"var(--ast-global-color-4)","background-image":"","background-repeat":"repeat","background-position":"center center","background-size":"auto","background-attachment":"scroll","background-type":"","background-media":"","overlay-type":"","overlay-color":"","overlay-opacity":"","overlay-gradient":""},"tablet":{"background-color":"","background-image":"","background-repeat":"repeat","background-position":"center center","background-size":"auto","background-attachment":"scroll","background-type":"","background-media":"","overlay-type":"","overlay-color":"","overlay-opacity":"","overlay-gradient":""},"mobile":{"background-color":"","background-image":"","background-repeat":"repeat","background-position":"center center","background-size":"auto","background-attachment":"scroll","background-type":"","background-media":"","overlay-type":"","overlay-color":"","overlay-opacity":"","overlay-gradient":""}},"ast-content-background-meta":{"desktop":{"background-color":"var(--ast-global-color-5)","background-image":"","background-repeat":"repeat","background-position":"center center","background-size":"auto","background-attachment":"scroll","background-type":"","background-media":"","overlay-type":"","overlay-color":"","overlay-opacity":"","overlay-gradient":""},"tablet":{"background-color":"var(--ast-global-color-5)","background-image":"","background-repeat":"repeat","background-position":"center center","background-size":"auto","background-attachment":"scroll","background-type":"","background-media":"","overlay-type":"","overlay-color":"","overlay-opacity":"","overlay-gradient":""},"mobile":{"background-color":"var(--ast-global-color-5)","background-image":"","background-repeat":"repeat","background-position":"center center","background-size":"auto","background-attachment":"scroll","background-type":"","background-media":"","overlay-type":"","overlay-color":"","overlay-opacity":"","overlay-gradient":""}},"footnotes":""},"categories":[15],"tags":[215,114,126],"class_list":["post-2537","post","type-post","status-publish","format-standard","has-post-thumbnail","hentry","category-6e-2017-2018","tag-olot","tag-paisatges","tag-sortida"],"post_mailing_queue_ids":[],"_links":{"self":[{"href":"https:\/\/agora.xtec.cat\/ceippallach-figueres\/wp-json\/wp\/v2\/posts\/2537","targetHints":{"allow":["GET"]}}],"collection":[{"href":"https:\/\/agora.xtec.cat\/ceippallach-figueres\/wp-json\/wp\/v2\/posts"}],"about":[{"href":"https:\/\/agora.xtec.cat\/ceippallach-figueres\/wp-json\/wp\/v2\/types\/post"}],"author":[{"embeddable":true,"href":"https:\/\/agora.xtec.cat\/ceippallach-figueres\/wp-json\/wp\/v2\/users\/7"}],"replies":[{"embeddable":true,"href":"https:\/\/agora.xtec.cat\/ceippallach-figueres\/wp-json\/wp\/v2\/comments?post=2537"}],"version-history":[{"count":2,"href":"https:\/\/agora.xtec.cat\/ceippallach-figueres\/wp-json\/wp\/v2\/posts\/2537\/revisions"}],"predecessor-version":[{"id":2541,"href":"https:\/\/agora.xtec.cat\/ceippallach-figueres\/wp-json\/wp\/v2\/posts\/2537\/revisions\/2541"}],"wp:featuredmedia":[{"embeddable":true,"href":"https:\/\/agora.xtec.cat\/ceippallach-figueres\/wp-json\/wp\/v2\/media\/2538"}],"wp:attachment":[{"href":"https:\/\/agora.xtec.cat\/ceippallach-figueres\/wp-json\/wp\/v2\/media?parent=2537"}],"wp:term":[{"taxonomy":"category","embeddable":true,"href":"https:\/\/agora.xtec.cat\/ceippallach-figueres\/wp-json\/wp\/v2\/categories?post=2537"},{"taxonomy":"post_tag","embeddable":true,"href":"https:\/\/agora.xtec.cat\/ceippallach-figueres\/wp-json\/wp\/v2\/tags?post=2537"}],"curies":[{"name":"wp","href":"https:\/\/api.w.org\/{rel}","templated":true}]}}