{"id":2507,"date":"2018-05-25T10:56:02","date_gmt":"2018-05-25T08:56:02","guid":{"rendered":"http:\/\/agora.xtec.cat\/ceippallach-figueres\/?p=2507"},"modified":"2018-06-07T13:27:50","modified_gmt":"2018-06-07T11:27:50","slug":"sortida-de-1r-a-garriguella-i-llanca","status":"publish","type":"post","link":"https:\/\/agora.xtec.cat\/ceippallach-figueres\/6e-2022-2023\/sortida-de-1r-a-garriguella-i-llanca\/","title":{"rendered":"Sortida de 1r a Garriguella i Llan\u00e7\u00e0"},"content":{"rendered":"<p>Els nens i nenes de 1r vam anar d&#8217;excursi\u00f3 al Centre de Reproducci\u00f3 de Tortugues de Garriguella. Tot i que ja sab\u00edem moltes coses de la Tortuga Mediterr\u00e0nia perqu\u00e8 a classe n&#8217;hav\u00edem parlat molt, encara\u00a0en vam aprendre m\u00e9s! Una de les coses que ens han quedat m\u00e9s clares \u00e9s que no haur\u00edem de tenir tortugues a casa, perqu\u00e8 s\u00f3n animals salvatges que nom\u00e9s estan b\u00e9 a la natura.<\/p>\n<p>Despr\u00e9s vam anar a dinar a Llan\u00e7\u00e0, vam jugar a la platja i vam pujar a l&#8217;Illot del Castellar.<\/p>\n<p><a href=\"https:\/\/photos.app.goo.gl\/cDd00pzlmkKIpuox1\"><img loading=\"lazy\" decoding=\"async\" class=\"alignnone size-large wp-image-2508\" src=\"http:\/\/agora.xtec.cat\/ceippallach-figueres\/wp-content\/uploads\/usu654\/2018\/05\/IMG_0012-COLLAGE-1024x1024.jpg\" alt=\"\" width=\"1024\" height=\"1024\" srcset=\"https:\/\/agora.xtec.cat\/ceippallach-figueres\/wp-content\/uploads\/usu654\/2018\/05\/IMG_0012-COLLAGE-1024x1024.jpg 1024w, https:\/\/agora.xtec.cat\/ceippallach-figueres\/wp-content\/uploads\/usu654\/2018\/05\/IMG_0012-COLLAGE-150x150.jpg 150w, https:\/\/agora.xtec.cat\/ceippallach-figueres\/wp-content\/uploads\/usu654\/2018\/05\/IMG_0012-COLLAGE-300x300.jpg 300w, https:\/\/agora.xtec.cat\/ceippallach-figueres\/wp-content\/uploads\/usu654\/2018\/05\/IMG_0012-COLLAGE-768x768.jpg 768w, https:\/\/agora.xtec.cat\/ceippallach-figueres\/wp-content\/uploads\/usu654\/2018\/05\/IMG_0012-COLLAGE.jpg 1530w\" sizes=\"auto, (max-width: 1024px) 100vw, 1024px\" \/><\/a><\/p>\n","protected":false},"excerpt":{"rendered":"<p>Els nens i nenes de 1r vam anar d&#8217;excursi\u00f3 al Centre de Reproducci\u00f3 de Tortugues de Garriguella i a Llan\u00e7\u00e0.<\/p>\n","protected":false},"author":1,"featured_media":2508,"comment_status":"open","ping_status":"closed","sticky":false,"template":"","format":"standard","meta":{"_bbp_topic_count":0,"_bbp_reply_count":0,"_bbp_total_topic_count":0,"_bbp_total_reply_count":0,"_bbp_voice_count":0,"_bbp_anonymous_reply_count":0,"_bbp_topic_count_hidden":0,"_bbp_reply_count_hidden":0,"_bbp_forum_subforum_count":0,"site-sidebar-layout":"default","site-content-layout":"","ast-site-content-layout":"","site-content-style":"default","site-sidebar-style":"default","ast-global-header-display":"","ast-banner-title-visibility":"","ast-main-header-display":"","ast-hfb-above-header-display":"","ast-hfb-below-header-display":"","ast-hfb-mobile-header-display":"","site-post-title":"","ast-breadcrumbs-content":"","ast-featured-img":"","footer-sml-layout":"","theme-transparent-header-meta":"","adv-header-id-meta":"","stick-header-meta":"","header-above-stick-meta":"","header-main-stick-meta":"","header-below-stick-meta":"","astra-migrate-meta-layouts":"default","ast-page-background-enabled":"default","ast-page-background-meta":{"desktop":{"background-color":"var(--ast-global-color-4)","background-image":"","background-repeat":"repeat","background-position":"center center","background-size":"auto","background-attachment":"scroll","background-type":"","background-media":"","overlay-type":"","overlay-color":"","overlay-opacity":"","overlay-gradient":""},"tablet":{"background-color":"","background-image":"","background-repeat":"repeat","background-position":"center center","background-size":"auto","background-attachment":"scroll","background-type":"","background-media":"","overlay-type":"","overlay-color":"","overlay-opacity":"","overlay-gradient":""},"mobile":{"background-color":"","background-image":"","background-repeat":"repeat","background-position":"center center","background-size":"auto","background-attachment":"scroll","background-type":"","background-media":"","overlay-type":"","overlay-color":"","overlay-opacity":"","overlay-gradient":""}},"ast-content-background-meta":{"desktop":{"background-color":"var(--ast-global-color-5)","background-image":"","background-repeat":"repeat","background-position":"center center","background-size":"auto","background-attachment":"scroll","background-type":"","background-media":"","overlay-type":"","overlay-color":"","overlay-opacity":"","overlay-gradient":""},"tablet":{"background-color":"var(--ast-global-color-5)","background-image":"","background-repeat":"repeat","background-position":"center center","background-size":"auto","background-attachment":"scroll","background-type":"","background-media":"","overlay-type":"","overlay-color":"","overlay-opacity":"","overlay-gradient":""},"mobile":{"background-color":"var(--ast-global-color-5)","background-image":"","background-repeat":"repeat","background-position":"center center","background-size":"auto","background-attachment":"scroll","background-type":"","background-media":"","overlay-type":"","overlay-color":"","overlay-opacity":"","overlay-gradient":""}},"footnotes":""},"categories":[10],"tags":[277,287],"class_list":["post-2507","post","type-post","status-publish","format-standard","has-post-thumbnail","hentry","category-6e-2022-2023","tag-garriguella","tag-llanca"],"post_mailing_queue_ids":[],"_links":{"self":[{"href":"https:\/\/agora.xtec.cat\/ceippallach-figueres\/wp-json\/wp\/v2\/posts\/2507","targetHints":{"allow":["GET"]}}],"collection":[{"href":"https:\/\/agora.xtec.cat\/ceippallach-figueres\/wp-json\/wp\/v2\/posts"}],"about":[{"href":"https:\/\/agora.xtec.cat\/ceippallach-figueres\/wp-json\/wp\/v2\/types\/post"}],"author":[{"embeddable":true,"href":"https:\/\/agora.xtec.cat\/ceippallach-figueres\/wp-json\/wp\/v2\/users\/1"}],"replies":[{"embeddable":true,"href":"https:\/\/agora.xtec.cat\/ceippallach-figueres\/wp-json\/wp\/v2\/comments?post=2507"}],"version-history":[{"count":1,"href":"https:\/\/agora.xtec.cat\/ceippallach-figueres\/wp-json\/wp\/v2\/posts\/2507\/revisions"}],"predecessor-version":[{"id":2510,"href":"https:\/\/agora.xtec.cat\/ceippallach-figueres\/wp-json\/wp\/v2\/posts\/2507\/revisions\/2510"}],"wp:featuredmedia":[{"embeddable":true,"href":"https:\/\/agora.xtec.cat\/ceippallach-figueres\/wp-json\/wp\/v2\/media\/2508"}],"wp:attachment":[{"href":"https:\/\/agora.xtec.cat\/ceippallach-figueres\/wp-json\/wp\/v2\/media?parent=2507"}],"wp:term":[{"taxonomy":"category","embeddable":true,"href":"https:\/\/agora.xtec.cat\/ceippallach-figueres\/wp-json\/wp\/v2\/categories?post=2507"},{"taxonomy":"post_tag","embeddable":true,"href":"https:\/\/agora.xtec.cat\/ceippallach-figueres\/wp-json\/wp\/v2\/tags?post=2507"}],"curies":[{"name":"wp","href":"https:\/\/api.w.org\/{rel}","templated":true}]}}