{"id":2401,"date":"2018-05-04T12:24:22","date_gmt":"2018-05-04T10:24:22","guid":{"rendered":"http:\/\/agora.xtec.cat\/ceippallach-figueres\/?p=2401"},"modified":"2018-06-07T13:24:46","modified_gmt":"2018-06-07T11:24:46","slug":"suport-vital-basic","status":"publish","type":"post","link":"https:\/\/agora.xtec.cat\/ceippallach-figueres\/6e-2020-2021\/suport-vital-basic\/","title":{"rendered":"Suport Vital B\u00e0sic"},"content":{"rendered":"<p>Els alumnes de Cicle Mitj\u00e0 despr\u00e9s de treballar l&#8217;evoluci\u00f3 del tel\u00e8fon a les Jornades culturals, vam veure la import\u00e0ncia del n\u00famero de tel\u00e8fon 112 per poder demanar ajuda.<\/p>\n<p>Durant 4 sessions vam treballar la cadena de superviv\u00e8ncia del suport vital b\u00e0sic. I en <a href=\"http:\/\/agora.xtec.cat\/ceippallach-figueres\/wp-content\/uploads\/usu654\/2018\/04\/IMG_0377.jpg\"><img loading=\"lazy\" decoding=\"async\" class=\"wp-image-2437 alignright\" src=\"http:\/\/agora.xtec.cat\/ceippallach-figueres\/wp-content\/uploads\/usu654\/2018\/04\/IMG_0377-1024x768.jpg\" alt=\"\" width=\"222\" height=\"167\" srcset=\"https:\/\/agora.xtec.cat\/ceippallach-figueres\/wp-content\/uploads\/usu654\/2018\/04\/IMG_0377-1024x768.jpg 1024w, https:\/\/agora.xtec.cat\/ceippallach-figueres\/wp-content\/uploads\/usu654\/2018\/04\/IMG_0377-300x225.jpg 300w, https:\/\/agora.xtec.cat\/ceippallach-figueres\/wp-content\/uploads\/usu654\/2018\/04\/IMG_0377-768x576.jpg 768w, https:\/\/agora.xtec.cat\/ceippallach-figueres\/wp-content\/uploads\/usu654\/2018\/04\/IMG_0377-200x150.jpg 200w\" sizes=\"auto, (max-width: 222px) 100vw, 222px\" \/><\/a>qu\u00e8 consisteix? Doncs aprendre a reaccionar davant d&#8217;una persona que es troba estirada a terra.<\/p>\n<p>El primer que s&#8217;ha de fer es veure si hi ha perill a l&#8217;hora d&#8217;apropar-nos.Seguidament has de moure&#8217;l per les espatlles i cridar a la persona a les dues orelles per saber si est\u00e0 conscient o inconscient i demanar ajuda.<\/p>\n<p><a href=\"http:\/\/agora.xtec.cat\/ceippallach-figueres\/wp-content\/uploads\/usu654\/2018\/04\/IMG_0381.jpg\"><img loading=\"lazy\" decoding=\"async\" class=\"alignnone wp-image-2438\" src=\"http:\/\/agora.xtec.cat\/ceippallach-figueres\/wp-content\/uploads\/usu654\/2018\/04\/IMG_0381-1024x768.jpg\" alt=\"\" width=\"222\" height=\"167\" srcset=\"https:\/\/agora.xtec.cat\/ceippallach-figueres\/wp-content\/uploads\/usu654\/2018\/04\/IMG_0381-1024x768.jpg 1024w, https:\/\/agora.xtec.cat\/ceippallach-figueres\/wp-content\/uploads\/usu654\/2018\/04\/IMG_0381-300x225.jpg 300w, https:\/\/agora.xtec.cat\/ceippallach-figueres\/wp-content\/uploads\/usu654\/2018\/04\/IMG_0381-768x576.jpg 768w, https:\/\/agora.xtec.cat\/ceippallach-figueres\/wp-content\/uploads\/usu654\/2018\/04\/IMG_0381-200x150.jpg 200w\" sizes=\"auto, (max-width: 222px) 100vw, 222px\" \/><\/a><\/p>\n<p>Un cop has demanat ajuda cridant o sortint de l&#8217;espai has de mirar si respira la persona. Per fer-ho primer has de fer la maniobra front-ment\u00f3 que consisteix en posar una ma al front i dos dits a sota la barbeta (ment\u00f3), li inclines el cap endarrere i aix\u00ed obres la via a\u00e8ria. A continuaci\u00f3 durant 10 segons apropes l&#8217;orella al nas mirant la panxa, per poder sentir, escoltar i mirar si respira.<\/p>\n<p><a href=\"http:\/\/agora.xtec.cat\/ceippallach-figueres\/wp-content\/uploads\/usu654\/2018\/04\/IMG_0563.jpg\"><img loading=\"lazy\" decoding=\"async\" class=\"alignnone wp-image-2402\" src=\"http:\/\/agora.xtec.cat\/ceippallach-figueres\/wp-content\/uploads\/usu654\/2018\/04\/IMG_0563-1024x768.jpg\" alt=\"\" width=\"221\" height=\"166\" srcset=\"https:\/\/agora.xtec.cat\/ceippallach-figueres\/wp-content\/uploads\/usu654\/2018\/04\/IMG_0563-1024x768.jpg 1024w, https:\/\/agora.xtec.cat\/ceippallach-figueres\/wp-content\/uploads\/usu654\/2018\/04\/IMG_0563-300x225.jpg 300w, https:\/\/agora.xtec.cat\/ceippallach-figueres\/wp-content\/uploads\/usu654\/2018\/04\/IMG_0563-768x576.jpg 768w, https:\/\/agora.xtec.cat\/ceippallach-figueres\/wp-content\/uploads\/usu654\/2018\/04\/IMG_0563-200x150.jpg 200w\" sizes=\"auto, (max-width: 221px) 100vw, 221px\" \/><\/a><a href=\"http:\/\/agora.xtec.cat\/ceippallach-figueres\/wp-content\/uploads\/usu654\/2018\/04\/IMG_0566.jpg\"><img loading=\"lazy\" decoding=\"async\" class=\"alignnone wp-image-2403\" src=\"http:\/\/agora.xtec.cat\/ceippallach-figueres\/wp-content\/uploads\/usu654\/2018\/04\/IMG_0566-1024x768.jpg\" alt=\"\" width=\"222\" height=\"166\" srcset=\"https:\/\/agora.xtec.cat\/ceippallach-figueres\/wp-content\/uploads\/usu654\/2018\/04\/IMG_0566-1024x768.jpg 1024w, https:\/\/agora.xtec.cat\/ceippallach-figueres\/wp-content\/uploads\/usu654\/2018\/04\/IMG_0566-300x225.jpg 300w, https:\/\/agora.xtec.cat\/ceippallach-figueres\/wp-content\/uploads\/usu654\/2018\/04\/IMG_0566-768x576.jpg 768w, https:\/\/agora.xtec.cat\/ceippallach-figueres\/wp-content\/uploads\/usu654\/2018\/04\/IMG_0566-200x150.jpg 200w\" sizes=\"auto, (max-width: 222px) 100vw, 222px\" \/><\/a><a href=\"http:\/\/agora.xtec.cat\/ceippallach-figueres\/wp-content\/uploads\/usu654\/2018\/04\/IMG_0568.jpg\"><img loading=\"lazy\" decoding=\"async\" class=\"alignnone wp-image-2439\" src=\"http:\/\/agora.xtec.cat\/ceippallach-figueres\/wp-content\/uploads\/usu654\/2018\/04\/IMG_0568-1024x768.jpg\" alt=\"\" width=\"222\" height=\"167\" srcset=\"https:\/\/agora.xtec.cat\/ceippallach-figueres\/wp-content\/uploads\/usu654\/2018\/04\/IMG_0568-1024x768.jpg 1024w, https:\/\/agora.xtec.cat\/ceippallach-figueres\/wp-content\/uploads\/usu654\/2018\/04\/IMG_0568-300x225.jpg 300w, https:\/\/agora.xtec.cat\/ceippallach-figueres\/wp-content\/uploads\/usu654\/2018\/04\/IMG_0568-768x576.jpg 768w, https:\/\/agora.xtec.cat\/ceippallach-figueres\/wp-content\/uploads\/usu654\/2018\/04\/IMG_0568-200x150.jpg 200w\" sizes=\"auto, (max-width: 222px) 100vw, 222px\" \/>\u00a0 <\/a><\/p>\n<p>El seg\u00fcent pas \u00e9s trucar al 112, si no tenim tel\u00e8fon podem utilitzar el de la v\u00edctima o demanar-ne un. Ves a &#8220;trucades d&#8217;emerg\u00e8ncies&#8221; i marques 112 i posar el mans lliures. Un cop et resp<a href=\"http:\/\/agora.xtec.cat\/ceippallach-figueres\/wp-content\/uploads\/usu654\/2018\/04\/IMG_0569.jpg\"><img loading=\"lazy\" decoding=\"async\" class=\"wp-image-2440 alignleft\" src=\"http:\/\/agora.xtec.cat\/ceippallach-figueres\/wp-content\/uploads\/usu654\/2018\/04\/IMG_0569-1024x768.jpg\" alt=\"\" width=\"222\" height=\"167\" srcset=\"https:\/\/agora.xtec.cat\/ceippallach-figueres\/wp-content\/uploads\/usu654\/2018\/04\/IMG_0569-1024x768.jpg 1024w, https:\/\/agora.xtec.cat\/ceippallach-figueres\/wp-content\/uploads\/usu654\/2018\/04\/IMG_0569-300x225.jpg 300w, https:\/\/agora.xtec.cat\/ceippallach-figueres\/wp-content\/uploads\/usu654\/2018\/04\/IMG_0569-768x576.jpg 768w, https:\/\/agora.xtec.cat\/ceippallach-figueres\/wp-content\/uploads\/usu654\/2018\/04\/IMG_0569-200x150.jpg 200w\" sizes=\"auto, (max-width: 222px) 100vw, 222px\" \/><\/a>onen has de presentar-te, dir la ubicaci\u00f3 i explicar la situaci\u00f3 (persona inconscient i que no respira).<\/p>\n<p>A partir d&#8217;aqu\u00ed un adult que en s\u00e0piga hauria de fer el massatge tor\u00e0cic i anar a buscar el desfibril\u00b7lador (DEA) m\u00e9s proper.<\/p>\n<p>&nbsp;<\/p>\n<p>En cas que la persona estigui inconscient i respiri haur\u00edem de posar-la amb la posici\u00f3 lateral de seguretat (PLS)<a href=\"http:\/\/agora.xtec.cat\/ceippallach-figueres\/wp-content\/uploads\/usu654\/2018\/04\/IMG_0378.jpg\"><img loading=\"lazy\" decoding=\"async\" class=\"wp-image-2441 aligncenter\" src=\"http:\/\/agora.xtec.cat\/ceippallach-figueres\/wp-content\/uploads\/usu654\/2018\/04\/IMG_0378-1024x768.jpg\" alt=\"\" width=\"222\" height=\"166\" srcset=\"https:\/\/agora.xtec.cat\/ceippallach-figueres\/wp-content\/uploads\/usu654\/2018\/04\/IMG_0378-1024x768.jpg 1024w, https:\/\/agora.xtec.cat\/ceippallach-figueres\/wp-content\/uploads\/usu654\/2018\/04\/IMG_0378-300x225.jpg 300w, https:\/\/agora.xtec.cat\/ceippallach-figueres\/wp-content\/uploads\/usu654\/2018\/04\/IMG_0378-768x576.jpg 768w, https:\/\/agora.xtec.cat\/ceippallach-figueres\/wp-content\/uploads\/usu654\/2018\/04\/IMG_0378-200x150.jpg 200w\" sizes=\"auto, (max-width: 222px) 100vw, 222px\" \/><\/a>Aquesta activitat ens va agradar molt i si tot va b\u00e9 a final de curs provarem de fer el massatge card\u00edac amb uns ninos especials i aix\u00ed poder-ho practicar.<\/p>\n","protected":false},"excerpt":{"rendered":"<p>Aprenem a actuar fent la cadena de suport vital b\u00e0sic.<\/p>\n","protected":false},"author":8,"featured_media":2455,"comment_status":"open","ping_status":"closed","sticky":false,"template":"","format":"standard","meta":{"_bbp_topic_count":0,"_bbp_reply_count":0,"_bbp_total_topic_count":0,"_bbp_total_reply_count":0,"_bbp_voice_count":0,"_bbp_anonymous_reply_count":0,"_bbp_topic_count_hidden":0,"_bbp_reply_count_hidden":0,"_bbp_forum_subforum_count":0,"site-sidebar-layout":"default","site-content-layout":"","ast-site-content-layout":"","site-content-style":"default","site-sidebar-style":"default","ast-global-header-display":"","ast-banner-title-visibility":"","ast-main-header-display":"","ast-hfb-above-header-display":"","ast-hfb-below-header-display":"","ast-hfb-mobile-header-display":"","site-post-title":"","ast-breadcrumbs-content":"","ast-featured-img":"","footer-sml-layout":"","theme-transparent-header-meta":"","adv-header-id-meta":"","stick-header-meta":"","header-above-stick-meta":"","header-main-stick-meta":"","header-below-stick-meta":"","astra-migrate-meta-layouts":"default","ast-page-background-enabled":"default","ast-page-background-meta":{"desktop":{"background-color":"var(--ast-global-color-4)","background-image":"","background-repeat":"repeat","background-position":"center center","background-size":"auto","background-attachment":"scroll","background-type":"","background-media":"","overlay-type":"","overlay-color":"","overlay-opacity":"","overlay-gradient":""},"tablet":{"background-color":"","background-image":"","background-repeat":"repeat","background-position":"center center","background-size":"auto","background-attachment":"scroll","background-type":"","background-media":"","overlay-type":"","overlay-color":"","overlay-opacity":"","overlay-gradient":""},"mobile":{"background-color":"","background-image":"","background-repeat":"repeat","background-position":"center center","background-size":"auto","background-attachment":"scroll","background-type":"","background-media":"","overlay-type":"","overlay-color":"","overlay-opacity":"","overlay-gradient":""}},"ast-content-background-meta":{"desktop":{"background-color":"var(--ast-global-color-5)","background-image":"","background-repeat":"repeat","background-position":"center center","background-size":"auto","background-attachment":"scroll","background-type":"","background-media":"","overlay-type":"","overlay-color":"","overlay-opacity":"","overlay-gradient":""},"tablet":{"background-color":"var(--ast-global-color-5)","background-image":"","background-repeat":"repeat","background-position":"center center","background-size":"auto","background-attachment":"scroll","background-type":"","background-media":"","overlay-type":"","overlay-color":"","overlay-opacity":"","overlay-gradient":""},"mobile":{"background-color":"var(--ast-global-color-5)","background-image":"","background-repeat":"repeat","background-position":"center center","background-size":"auto","background-attachment":"scroll","background-type":"","background-media":"","overlay-type":"","overlay-color":"","overlay-opacity":"","overlay-gradient":""}},"footnotes":""},"categories":[13,12],"tags":[362,236,230,237,364,363],"class_list":["post-2401","post","type-post","status-publish","format-standard","has-post-thumbnail","hentry","category-6e-2019-2020","category-6e-2020-2021","tag-cicle-mitja","tag-educacio-fisica","tag-habits-saludables","tag-quart","tag-suport-vital-basic","tag-tercer"],"post_mailing_queue_ids":[],"_links":{"self":[{"href":"https:\/\/agora.xtec.cat\/ceippallach-figueres\/wp-json\/wp\/v2\/posts\/2401","targetHints":{"allow":["GET"]}}],"collection":[{"href":"https:\/\/agora.xtec.cat\/ceippallach-figueres\/wp-json\/wp\/v2\/posts"}],"about":[{"href":"https:\/\/agora.xtec.cat\/ceippallach-figueres\/wp-json\/wp\/v2\/types\/post"}],"author":[{"embeddable":true,"href":"https:\/\/agora.xtec.cat\/ceippallach-figueres\/wp-json\/wp\/v2\/users\/8"}],"replies":[{"embeddable":true,"href":"https:\/\/agora.xtec.cat\/ceippallach-figueres\/wp-json\/wp\/v2\/comments?post=2401"}],"version-history":[{"count":3,"href":"https:\/\/agora.xtec.cat\/ceippallach-figueres\/wp-json\/wp\/v2\/posts\/2401\/revisions"}],"predecessor-version":[{"id":2569,"href":"https:\/\/agora.xtec.cat\/ceippallach-figueres\/wp-json\/wp\/v2\/posts\/2401\/revisions\/2569"}],"wp:featuredmedia":[{"embeddable":true,"href":"https:\/\/agora.xtec.cat\/ceippallach-figueres\/wp-json\/wp\/v2\/media\/2455"}],"wp:attachment":[{"href":"https:\/\/agora.xtec.cat\/ceippallach-figueres\/wp-json\/wp\/v2\/media?parent=2401"}],"wp:term":[{"taxonomy":"category","embeddable":true,"href":"https:\/\/agora.xtec.cat\/ceippallach-figueres\/wp-json\/wp\/v2\/categories?post=2401"},{"taxonomy":"post_tag","embeddable":true,"href":"https:\/\/agora.xtec.cat\/ceippallach-figueres\/wp-json\/wp\/v2\/tags?post=2401"}],"curies":[{"name":"wp","href":"https:\/\/api.w.org\/{rel}","templated":true}]}}