{"id":2332,"date":"2018-03-23T11:29:35","date_gmt":"2018-03-23T10:29:35","guid":{"rendered":"http:\/\/agora.xtec.cat\/ceippallach-figueres\/?p=2332"},"modified":"2018-05-04T13:55:21","modified_gmt":"2018-05-04T11:55:21","slug":"participem-al-certamen-de-lectura-en-veu-alta","status":"publish","type":"post","link":"https:\/\/agora.xtec.cat\/ceippallach-figueres\/6e-2019-2020\/participem-al-certamen-de-lectura-en-veu-alta\/","title":{"rendered":"Participem al Certamen de Lectura en Veu Alta"},"content":{"rendered":"<p>Algunes alumnes de l&#8217;escola han participat en el Certamen Nacional de Lectura en Veu Alta, que organitzen el <a href=\"http:\/\/ensenyament.gencat.cat\/ca\/inici\">Departament d&#8217;Ensenyament de la Generalitat<\/a> i la <a href=\"http:\/\/grupenciclopedia.cat\/fundacio-enciclopedia-catalana\/\">Fundaci\u00f3 Enciclop\u00e8dia Catalana<\/a>.<\/p>\n<p>La Marina Ard\u00e8vol de 4t ha participat en la categoria de Grumets Vermells, la Seiny Camara de 5\u00e8 en la categoria de Grumets Verds i l&#8217;Andreea Munteanu de 6\u00e8 en la categoria de Timoners. Totes tres han llegit genial i l&#8217;Andreea Munteanu ha passat a la semifinal!<a href=\"https:\/\/photos.app.goo.gl\/PWNQzJyY9n1f11AE2\"><img loading=\"lazy\" decoding=\"async\" class=\"alignnone size-large wp-image-2333\" src=\"http:\/\/agora.xtec.cat\/ceippallach-figueres\/wp-content\/uploads\/usu654\/2018\/03\/veu-1024x1024.jpg\" alt=\"\" width=\"1024\" height=\"1024\" srcset=\"https:\/\/agora.xtec.cat\/ceippallach-figueres\/wp-content\/uploads\/usu654\/2018\/03\/veu-1024x1024.jpg 1024w, https:\/\/agora.xtec.cat\/ceippallach-figueres\/wp-content\/uploads\/usu654\/2018\/03\/veu-150x150.jpg 150w, https:\/\/agora.xtec.cat\/ceippallach-figueres\/wp-content\/uploads\/usu654\/2018\/03\/veu-300x300.jpg 300w, https:\/\/agora.xtec.cat\/ceippallach-figueres\/wp-content\/uploads\/usu654\/2018\/03\/veu-768x768.jpg 768w, https:\/\/agora.xtec.cat\/ceippallach-figueres\/wp-content\/uploads\/usu654\/2018\/03\/veu.jpg 1494w\" sizes=\"auto, (max-width: 1024px) 100vw, 1024px\" \/><\/a><\/p>\n","protected":false},"excerpt":{"rendered":"<p>La Marina Ard\u00e8vol, la Seiny Camara i l&#8217;Andreea Munteanu han participat en el Certamen Nacional de Lectura en Veu Alta.<\/p>\n","protected":false},"author":1,"featured_media":2333,"comment_status":"open","ping_status":"closed","sticky":false,"template":"","format":"standard","meta":{"_bbp_topic_count":0,"_bbp_reply_count":0,"_bbp_total_topic_count":0,"_bbp_total_reply_count":0,"_bbp_voice_count":0,"_bbp_anonymous_reply_count":0,"_bbp_topic_count_hidden":0,"_bbp_reply_count_hidden":0,"_bbp_forum_subforum_count":0,"site-sidebar-layout":"default","site-content-layout":"","ast-site-content-layout":"","site-content-style":"default","site-sidebar-style":"default","ast-global-header-display":"","ast-banner-title-visibility":"","ast-main-header-display":"","ast-hfb-above-header-display":"","ast-hfb-below-header-display":"","ast-hfb-mobile-header-display":"","site-post-title":"","ast-breadcrumbs-content":"","ast-featured-img":"","footer-sml-layout":"","theme-transparent-header-meta":"","adv-header-id-meta":"","stick-header-meta":"","header-above-stick-meta":"","header-main-stick-meta":"","header-below-stick-meta":"","astra-migrate-meta-layouts":"default","ast-page-background-enabled":"default","ast-page-background-meta":{"desktop":{"background-color":"var(--ast-global-color-4)","background-image":"","background-repeat":"repeat","background-position":"center center","background-size":"auto","background-attachment":"scroll","background-type":"","background-media":"","overlay-type":"","overlay-color":"","overlay-opacity":"","overlay-gradient":""},"tablet":{"background-color":"","background-image":"","background-repeat":"repeat","background-position":"center center","background-size":"auto","background-attachment":"scroll","background-type":"","background-media":"","overlay-type":"","overlay-color":"","overlay-opacity":"","overlay-gradient":""},"mobile":{"background-color":"","background-image":"","background-repeat":"repeat","background-position":"center center","background-size":"auto","background-attachment":"scroll","background-type":"","background-media":"","overlay-type":"","overlay-color":"","overlay-opacity":"","overlay-gradient":""}},"ast-content-background-meta":{"desktop":{"background-color":"var(--ast-global-color-5)","background-image":"","background-repeat":"repeat","background-position":"center center","background-size":"auto","background-attachment":"scroll","background-type":"","background-media":"","overlay-type":"","overlay-color":"","overlay-opacity":"","overlay-gradient":""},"tablet":{"background-color":"var(--ast-global-color-5)","background-image":"","background-repeat":"repeat","background-position":"center center","background-size":"auto","background-attachment":"scroll","background-type":"","background-media":"","overlay-type":"","overlay-color":"","overlay-opacity":"","overlay-gradient":""},"mobile":{"background-color":"var(--ast-global-color-5)","background-image":"","background-repeat":"repeat","background-position":"center center","background-size":"auto","background-attachment":"scroll","background-type":"","background-media":"","overlay-type":"","overlay-color":"","overlay-opacity":"","overlay-gradient":""}},"footnotes":""},"categories":[15,14,13],"tags":[248],"class_list":["post-2332","post","type-post","status-publish","format-standard","has-post-thumbnail","hentry","category-6e-2017-2018","category-6e-2018-2019","category-6e-2019-2020","tag-premi"],"post_mailing_queue_ids":[],"_links":{"self":[{"href":"https:\/\/agora.xtec.cat\/ceippallach-figueres\/wp-json\/wp\/v2\/posts\/2332","targetHints":{"allow":["GET"]}}],"collection":[{"href":"https:\/\/agora.xtec.cat\/ceippallach-figueres\/wp-json\/wp\/v2\/posts"}],"about":[{"href":"https:\/\/agora.xtec.cat\/ceippallach-figueres\/wp-json\/wp\/v2\/types\/post"}],"author":[{"embeddable":true,"href":"https:\/\/agora.xtec.cat\/ceippallach-figueres\/wp-json\/wp\/v2\/users\/1"}],"replies":[{"embeddable":true,"href":"https:\/\/agora.xtec.cat\/ceippallach-figueres\/wp-json\/wp\/v2\/comments?post=2332"}],"version-history":[{"count":1,"href":"https:\/\/agora.xtec.cat\/ceippallach-figueres\/wp-json\/wp\/v2\/posts\/2332\/revisions"}],"predecessor-version":[{"id":2334,"href":"https:\/\/agora.xtec.cat\/ceippallach-figueres\/wp-json\/wp\/v2\/posts\/2332\/revisions\/2334"}],"wp:featuredmedia":[{"embeddable":true,"href":"https:\/\/agora.xtec.cat\/ceippallach-figueres\/wp-json\/wp\/v2\/media\/2333"}],"wp:attachment":[{"href":"https:\/\/agora.xtec.cat\/ceippallach-figueres\/wp-json\/wp\/v2\/media?parent=2332"}],"wp:term":[{"taxonomy":"category","embeddable":true,"href":"https:\/\/agora.xtec.cat\/ceippallach-figueres\/wp-json\/wp\/v2\/categories?post=2332"},{"taxonomy":"post_tag","embeddable":true,"href":"https:\/\/agora.xtec.cat\/ceippallach-figueres\/wp-json\/wp\/v2\/tags?post=2332"}],"curies":[{"name":"wp","href":"https:\/\/api.w.org\/{rel}","templated":true}]}}