{"id":2290,"date":"2018-03-16T10:34:09","date_gmt":"2018-03-16T09:34:09","guid":{"rendered":"http:\/\/agora.xtec.cat\/ceippallach-figueres\/?p=2290"},"modified":"2018-06-07T13:24:05","modified_gmt":"2018-06-07T11:24:05","slug":"cantania-2018-particules","status":"publish","type":"post","link":"https:\/\/agora.xtec.cat\/ceippallach-figueres\/6e-2018-2019\/cantania-2018-particules\/","title":{"rendered":"Cant\u00e0nia 2018: &#8220;Part\u00edcules&#8221;"},"content":{"rendered":"<p>Els alumnes de 5\u00e8 ja hem comen\u00e7at a treballar la cantata d\u2019aquest any!<\/p>\n<p>Fins a dia d\u2019avui, Cant\u00e0nia s\u2019ha realitzat a m\u00e9s de 20 ciutats de 6 pa\u00efsos tant europeus com americans. S&#8217;ha cantat a Argentona, El Vendrell, Figueres, Girona, Granollers, Manresa, Matar\u00f3, Olot, Reus, Sant Cugat del Vall\u00e8s, Vic i Vilafranca del Pened\u00e8s, per\u00f2 tamb\u00e9 a Parla, Salamanca, Saragossa, Sevilla i Valladolid, i fins i tot a Alemanya (Mainz, Bremen, Biefeld, Neustadt i Koblenz), a B\u00e8lgica (Brussel\u00b7les), a Vene\u00e7uela (Caracas), a It\u00e0lia (Alexandria) i a M\u00e8xic!. Les xifres anuals s\u00f3n espectaculars! Al llarg d\u2019un curs escolar passen pels escenaris de totes les ciutats participants aproximadament 45.000 nens, 900 mestres de m\u00fasica de m\u00e9s de 980 escoles i 90.000 espectadors.<\/p>\n<p>La composici\u00f3 musical d\u2019enguany \u00e9s obra del compositor Llu\u00eds Vidal i escrita per Sergi Belbel. Dirigida per Josep Prats, Elisenda Carrasco, Montserrat Meneses i Oriol Castanyer (direcci\u00f3 musical) i Marta Gil i Ignasi Tom\u00e0s (direcci\u00f3 esc\u00e8nica).<\/p>\n<p class=\"Standard\" style=\"text-align: justify;\">Aquest any amb la Cantata &#8220;Part\u00edcules&#8221; assistim a l\u2019origen i evoluci\u00f3 de l\u2019Univers. Ara fa uns tretze mil vuit cents milions d\u2019anys hi va haver una gran explosi\u00f3: un magma ben esp\u00e8s que de cop s\u2019espandeix. \u00c9s l\u2019origen del m\u00f3n; tot \u00e9s calent i roent. Una mena de sopa ca\u00f2tica i incandescent\u2026<\/p>\n<p class=\"Standard\" style=\"text-align: justify;\"><img loading=\"lazy\" decoding=\"async\" class=\"alignnone\" src=\"http:\/\/oci.emporda.info\/img_contenido\/noticias\/2016\/05\/503968\/foto1_p70_1945_cantania.jpg\" alt=\"Resultat d'imatges de cant\u00c3\u00a0nia 2017 figueres\" width=\"477\" height=\"318\" \/><\/p>\n<p class=\"Standard\" style=\"text-align: justify;\">(imatge: Cant\u00e0nia &#8220;Les desventures de Mim\u00ed&#8221; 2016)<\/p>\n","protected":false},"excerpt":{"rendered":"<p>Aquest any amb la Cantata &#8220;Part\u00edcules&#8221; assistim a l\u2019origen i evoluci\u00f3 de l\u2019Univers. <\/p>\n","protected":false},"author":1,"featured_media":2291,"comment_status":"open","ping_status":"closed","sticky":false,"template":"","format":"standard","meta":{"_bbp_topic_count":0,"_bbp_reply_count":0,"_bbp_total_topic_count":0,"_bbp_total_reply_count":0,"_bbp_voice_count":0,"_bbp_anonymous_reply_count":0,"_bbp_topic_count_hidden":0,"_bbp_reply_count_hidden":0,"_bbp_forum_subforum_count":0,"site-sidebar-layout":"default","site-content-layout":"","ast-site-content-layout":"","site-content-style":"default","site-sidebar-style":"default","ast-global-header-display":"","ast-banner-title-visibility":"","ast-main-header-display":"","ast-hfb-above-header-display":"","ast-hfb-below-header-display":"","ast-hfb-mobile-header-display":"","site-post-title":"","ast-breadcrumbs-content":"","ast-featured-img":"","footer-sml-layout":"","theme-transparent-header-meta":"","adv-header-id-meta":"","stick-header-meta":"","header-above-stick-meta":"","header-main-stick-meta":"","header-below-stick-meta":"","astra-migrate-meta-layouts":"default","ast-page-background-enabled":"default","ast-page-background-meta":{"desktop":{"background-color":"var(--ast-global-color-4)","background-image":"","background-repeat":"repeat","background-position":"center center","background-size":"auto","background-attachment":"scroll","background-type":"","background-media":"","overlay-type":"","overlay-color":"","overlay-opacity":"","overlay-gradient":""},"tablet":{"background-color":"","background-image":"","background-repeat":"repeat","background-position":"center center","background-size":"auto","background-attachment":"scroll","background-type":"","background-media":"","overlay-type":"","overlay-color":"","overlay-opacity":"","overlay-gradient":""},"mobile":{"background-color":"","background-image":"","background-repeat":"repeat","background-position":"center center","background-size":"auto","background-attachment":"scroll","background-type":"","background-media":"","overlay-type":"","overlay-color":"","overlay-opacity":"","overlay-gradient":""}},"ast-content-background-meta":{"desktop":{"background-color":"var(--ast-global-color-5)","background-image":"","background-repeat":"repeat","background-position":"center center","background-size":"auto","background-attachment":"scroll","background-type":"","background-media":"","overlay-type":"","overlay-color":"","overlay-opacity":"","overlay-gradient":""},"tablet":{"background-color":"var(--ast-global-color-5)","background-image":"","background-repeat":"repeat","background-position":"center center","background-size":"auto","background-attachment":"scroll","background-type":"","background-media":"","overlay-type":"","overlay-color":"","overlay-opacity":"","overlay-gradient":""},"mobile":{"background-color":"var(--ast-global-color-5)","background-image":"","background-repeat":"repeat","background-position":"center center","background-size":"auto","background-attachment":"scroll","background-type":"","background-media":"","overlay-type":"","overlay-color":"","overlay-opacity":"","overlay-gradient":""}},"footnotes":""},"categories":[14,35],"tags":[36],"class_list":["post-2290","post","type-post","status-publish","format-standard","has-post-thumbnail","hentry","category-6e-2018-2019","category-cantania2018","tag-musica"],"post_mailing_queue_ids":[],"_links":{"self":[{"href":"https:\/\/agora.xtec.cat\/ceippallach-figueres\/wp-json\/wp\/v2\/posts\/2290","targetHints":{"allow":["GET"]}}],"collection":[{"href":"https:\/\/agora.xtec.cat\/ceippallach-figueres\/wp-json\/wp\/v2\/posts"}],"about":[{"href":"https:\/\/agora.xtec.cat\/ceippallach-figueres\/wp-json\/wp\/v2\/types\/post"}],"author":[{"embeddable":true,"href":"https:\/\/agora.xtec.cat\/ceippallach-figueres\/wp-json\/wp\/v2\/users\/1"}],"replies":[{"embeddable":true,"href":"https:\/\/agora.xtec.cat\/ceippallach-figueres\/wp-json\/wp\/v2\/comments?post=2290"}],"version-history":[{"count":2,"href":"https:\/\/agora.xtec.cat\/ceippallach-figueres\/wp-json\/wp\/v2\/posts\/2290\/revisions"}],"predecessor-version":[{"id":2295,"href":"https:\/\/agora.xtec.cat\/ceippallach-figueres\/wp-json\/wp\/v2\/posts\/2290\/revisions\/2295"}],"wp:featuredmedia":[{"embeddable":true,"href":"https:\/\/agora.xtec.cat\/ceippallach-figueres\/wp-json\/wp\/v2\/media\/2291"}],"wp:attachment":[{"href":"https:\/\/agora.xtec.cat\/ceippallach-figueres\/wp-json\/wp\/v2\/media?parent=2290"}],"wp:term":[{"taxonomy":"category","embeddable":true,"href":"https:\/\/agora.xtec.cat\/ceippallach-figueres\/wp-json\/wp\/v2\/categories?post=2290"},{"taxonomy":"post_tag","embeddable":true,"href":"https:\/\/agora.xtec.cat\/ceippallach-figueres\/wp-json\/wp\/v2\/tags?post=2290"}],"curies":[{"name":"wp","href":"https:\/\/api.w.org\/{rel}","templated":true}]}}