{"id":1834,"date":"2017-06-26T13:12:16","date_gmt":"2017-06-26T11:12:16","guid":{"rendered":"http:\/\/agora.xtec.cat\/ceippallach-figueres\/?p=1834"},"modified":"2018-09-05T11:22:25","modified_gmt":"2018-09-05T09:22:25","slug":"concurs-de-fotografia","status":"publish","type":"post","link":"https:\/\/agora.xtec.cat\/ceippallach-figueres\/6e-2024-2025\/concurs-de-fotografia\/","title":{"rendered":"Concurs de fotografia 2017"},"content":{"rendered":"<p><a href=\"https:\/\/goo.gl\/photos\/gDnXznxpAzwzYyYx7\"><img loading=\"lazy\" decoding=\"async\" class=\"alignnone size-large wp-image-1835\" src=\"http:\/\/agora.xtec.cat\/ceippallach-figueres\/wp-content\/uploads\/usu654\/2017\/06\/concursfotografia-1024x1024.jpg\" alt=\"concursfotografia\" width=\"1024\" height=\"1024\" srcset=\"https:\/\/agora.xtec.cat\/ceippallach-figueres\/wp-content\/uploads\/usu654\/2017\/06\/concursfotografia-1024x1024.jpg 1024w, https:\/\/agora.xtec.cat\/ceippallach-figueres\/wp-content\/uploads\/usu654\/2017\/06\/concursfotografia-150x150.jpg 150w, https:\/\/agora.xtec.cat\/ceippallach-figueres\/wp-content\/uploads\/usu654\/2017\/06\/concursfotografia-300x300.jpg 300w, https:\/\/agora.xtec.cat\/ceippallach-figueres\/wp-content\/uploads\/usu654\/2017\/06\/concursfotografia-768x768.jpg 768w, https:\/\/agora.xtec.cat\/ceippallach-figueres\/wp-content\/uploads\/usu654\/2017\/06\/concursfotografia.jpg 2046w\" sizes=\"auto, (max-width: 1024px) 100vw, 1024px\" \/><\/a><\/p>\n<p>Hem donat els premis als guanyadors del concurs de fotografia de l&#8217;escola, que aquest curs portava per t\u00edtol &#8220;El m\u00f3n des dels meus ulls&#8221;.<\/p>\n<p>Hi ha hagut una participaci\u00f3 molt alta, i els alumnes finalistes han estat la Maria Rodeja, la Iona McIntosh, l&#8217;Andreu Burgas, l&#8217;\u00c0lex Rodr\u00edguez, la J\u00falia Pujol, la Carmen Aguirre i la Samah Bakouh. Els ganyadors han estat:<\/p>\n<p>3r premi &#8211; Ferran Garcia, de 2n.<\/p>\n<p>2n premi &#8211; Roc Sampol, de P3.<\/p>\n<p>1r premi &#8211; Queralt Serra, de 4t.<\/p>\n","protected":false},"excerpt":{"rendered":"<p>Hem donat els premis als guanyadors del concurs de fotografia de l&#8217;escola, que aquest curs portava per t\u00edtol &#8220;El m\u00f3n des dels meus ulls&#8221;.<\/p>\n","protected":false},"author":1,"featured_media":1835,"comment_status":"open","ping_status":"closed","sticky":false,"template":"","format":"standard","meta":{"_bbp_topic_count":0,"_bbp_reply_count":0,"_bbp_total_topic_count":0,"_bbp_total_reply_count":0,"_bbp_voice_count":0,"_bbp_anonymous_reply_count":0,"_bbp_topic_count_hidden":0,"_bbp_reply_count_hidden":0,"_bbp_forum_subforum_count":0,"site-sidebar-layout":"default","site-content-layout":"","ast-site-content-layout":"","site-content-style":"default","site-sidebar-style":"default","ast-global-header-display":"","ast-banner-title-visibility":"","ast-main-header-display":"","ast-hfb-above-header-display":"","ast-hfb-below-header-display":"","ast-hfb-mobile-header-display":"","site-post-title":"","ast-breadcrumbs-content":"","ast-featured-img":"","footer-sml-layout":"","theme-transparent-header-meta":"","adv-header-id-meta":"","stick-header-meta":"","header-above-stick-meta":"","header-main-stick-meta":"","header-below-stick-meta":"","astra-migrate-meta-layouts":"default","ast-page-background-enabled":"default","ast-page-background-meta":{"desktop":{"background-color":"var(--ast-global-color-4)","background-image":"","background-repeat":"repeat","background-position":"center center","background-size":"auto","background-attachment":"scroll","background-type":"","background-media":"","overlay-type":"","overlay-color":"","overlay-opacity":"","overlay-gradient":""},"tablet":{"background-color":"","background-image":"","background-repeat":"repeat","background-position":"center center","background-size":"auto","background-attachment":"scroll","background-type":"","background-media":"","overlay-type":"","overlay-color":"","overlay-opacity":"","overlay-gradient":""},"mobile":{"background-color":"","background-image":"","background-repeat":"repeat","background-position":"center center","background-size":"auto","background-attachment":"scroll","background-type":"","background-media":"","overlay-type":"","overlay-color":"","overlay-opacity":"","overlay-gradient":""}},"ast-content-background-meta":{"desktop":{"background-color":"var(--ast-global-color-5)","background-image":"","background-repeat":"repeat","background-position":"center center","background-size":"auto","background-attachment":"scroll","background-type":"","background-media":"","overlay-type":"","overlay-color":"","overlay-opacity":"","overlay-gradient":""},"tablet":{"background-color":"var(--ast-global-color-5)","background-image":"","background-repeat":"repeat","background-position":"center center","background-size":"auto","background-attachment":"scroll","background-type":"","background-media":"","overlay-type":"","overlay-color":"","overlay-opacity":"","overlay-gradient":""},"mobile":{"background-color":"var(--ast-global-color-5)","background-image":"","background-repeat":"repeat","background-position":"center center","background-size":"auto","background-attachment":"scroll","background-type":"","background-media":"","overlay-type":"","overlay-color":"","overlay-opacity":"","overlay-gradient":""}},"footnotes":""},"categories":[310,15,14,13,12,11,10,9,8],"tags":[291],"class_list":["post-1834","post","type-post","status-publish","format-standard","has-post-thumbnail","hentry","category-6e-2016-2017","category-6e-2017-2018","category-6e-2018-2019","category-6e-2019-2020","category-6e-2020-2021","category-6e-2021-2022","category-6e-2022-2023","category-6e-2023-2024","category-6e-2024-2025","tag-concurs-de-fotografia"],"post_mailing_queue_ids":[],"_links":{"self":[{"href":"https:\/\/agora.xtec.cat\/ceippallach-figueres\/wp-json\/wp\/v2\/posts\/1834","targetHints":{"allow":["GET"]}}],"collection":[{"href":"https:\/\/agora.xtec.cat\/ceippallach-figueres\/wp-json\/wp\/v2\/posts"}],"about":[{"href":"https:\/\/agora.xtec.cat\/ceippallach-figueres\/wp-json\/wp\/v2\/types\/post"}],"author":[{"embeddable":true,"href":"https:\/\/agora.xtec.cat\/ceippallach-figueres\/wp-json\/wp\/v2\/users\/1"}],"replies":[{"embeddable":true,"href":"https:\/\/agora.xtec.cat\/ceippallach-figueres\/wp-json\/wp\/v2\/comments?post=1834"}],"version-history":[{"count":3,"href":"https:\/\/agora.xtec.cat\/ceippallach-figueres\/wp-json\/wp\/v2\/posts\/1834\/revisions"}],"predecessor-version":[{"id":2651,"href":"https:\/\/agora.xtec.cat\/ceippallach-figueres\/wp-json\/wp\/v2\/posts\/1834\/revisions\/2651"}],"wp:featuredmedia":[{"embeddable":true,"href":"https:\/\/agora.xtec.cat\/ceippallach-figueres\/wp-json\/wp\/v2\/media\/1835"}],"wp:attachment":[{"href":"https:\/\/agora.xtec.cat\/ceippallach-figueres\/wp-json\/wp\/v2\/media?parent=1834"}],"wp:term":[{"taxonomy":"category","embeddable":true,"href":"https:\/\/agora.xtec.cat\/ceippallach-figueres\/wp-json\/wp\/v2\/categories?post=1834"},{"taxonomy":"post_tag","embeddable":true,"href":"https:\/\/agora.xtec.cat\/ceippallach-figueres\/wp-json\/wp\/v2\/tags?post=1834"}],"curies":[{"name":"wp","href":"https:\/\/api.w.org\/{rel}","templated":true}]}}