{"id":1826,"date":"2017-06-15T12:48:04","date_gmt":"2017-06-15T10:48:04","guid":{"rendered":"http:\/\/agora.xtec.cat\/ceippallach-figueres\/?p=1826"},"modified":"2018-09-05T11:44:39","modified_gmt":"2018-09-05T09:44:39","slug":"sortida-dels-alumnes-de-5e-a-llanca","status":"publish","type":"post","link":"https:\/\/agora.xtec.cat\/ceippallach-figueres\/6e-2017-2018\/sortida-dels-alumnes-de-5e-a-llanca\/","title":{"rendered":"Sortida dels alumnes de 5\u00e8 a Llan\u00e7\u00e0"},"content":{"rendered":"<p style=\"text-align: justify;\">Els alumnes de 5\u00e8 estem estudiant els animals invertebrats i, \u00e9s per aix\u00f2, que aquest dimecres passat dia 7 de juny, vam fer una sortida a cala Canyelles a Cap Ras per veure en directe alguns invertebrats marins.<br \/>\nVam tenir un dia espl\u00e8ndid i vam poder recollir molt\u00edssimes esp\u00e8cies diferents (crancs, estrelles de mar, ofiures, cogombres de mar, gambes&#8230;). Ara ja sabem classificar-les i coneixem millor les seves principals caracter\u00edstiques.<br \/>\nPer\u00f2 no nom\u00e9s vam treballar, tamb\u00e9 vam poder gaudir d&#8217;un bon dia de platja. Ens vam banyar i vam jugar plegats una bona estona.<br \/>\nVa ser una sortida genial!<\/p>\n<p><a href=\"https:\/\/goo.gl\/photos\/NWvuSzyqyxsqh5zB9\"><img loading=\"lazy\" decoding=\"async\" class=\"aligncenter size-full wp-image-1827\" src=\"http:\/\/agora.xtec.cat\/ceippallach-figueres\/wp-content\/uploads\/usu654\/2017\/06\/DSC_0049.jpg\" alt=\"DSC_0049\" width=\"800\" height=\"600\" srcset=\"https:\/\/agora.xtec.cat\/ceippallach-figueres\/wp-content\/uploads\/usu654\/2017\/06\/DSC_0049.jpg 800w, https:\/\/agora.xtec.cat\/ceippallach-figueres\/wp-content\/uploads\/usu654\/2017\/06\/DSC_0049-300x225.jpg 300w, https:\/\/agora.xtec.cat\/ceippallach-figueres\/wp-content\/uploads\/usu654\/2017\/06\/DSC_0049-768x576.jpg 768w, https:\/\/agora.xtec.cat\/ceippallach-figueres\/wp-content\/uploads\/usu654\/2017\/06\/DSC_0049-200x150.jpg 200w\" sizes=\"auto, (max-width: 800px) 100vw, 800px\" \/><\/a><\/p>\n","protected":false},"excerpt":{"rendered":"<p>Els alumnes de 5\u00e8 estem estudiant els animals invertebrats i, \u00e9s per aix\u00f2, que aquest dimecres passat dia 7 de juny, vam fer una sortida a cala Canyelles a Cap Ras per veure en directe alguns invertebrats marins. Vam tenir un dia espl\u00e8ndid i vam poder recollir molt\u00edssimes esp\u00e8cies diferents (crancs, estrelles de mar, ofiures, [&hellip;]<\/p>\n","protected":false},"author":7,"featured_media":1827,"comment_status":"open","ping_status":"closed","sticky":false,"template":"","format":"standard","meta":{"_bbp_topic_count":0,"_bbp_reply_count":0,"_bbp_total_topic_count":0,"_bbp_total_reply_count":0,"_bbp_voice_count":0,"_bbp_anonymous_reply_count":0,"_bbp_topic_count_hidden":0,"_bbp_reply_count_hidden":0,"_bbp_forum_subforum_count":0,"site-sidebar-layout":"default","site-content-layout":"","ast-site-content-layout":"","site-content-style":"default","site-sidebar-style":"default","ast-global-header-display":"","ast-banner-title-visibility":"","ast-main-header-display":"","ast-hfb-above-header-display":"","ast-hfb-below-header-display":"","ast-hfb-mobile-header-display":"","site-post-title":"","ast-breadcrumbs-content":"","ast-featured-img":"","footer-sml-layout":"","theme-transparent-header-meta":"","adv-header-id-meta":"","stick-header-meta":"","header-above-stick-meta":"","header-main-stick-meta":"","header-below-stick-meta":"","astra-migrate-meta-layouts":"default","ast-page-background-enabled":"default","ast-page-background-meta":{"desktop":{"background-color":"var(--ast-global-color-4)","background-image":"","background-repeat":"repeat","background-position":"center center","background-size":"auto","background-attachment":"scroll","background-type":"","background-media":"","overlay-type":"","overlay-color":"","overlay-opacity":"","overlay-gradient":""},"tablet":{"background-color":"","background-image":"","background-repeat":"repeat","background-position":"center center","background-size":"auto","background-attachment":"scroll","background-type":"","background-media":"","overlay-type":"","overlay-color":"","overlay-opacity":"","overlay-gradient":""},"mobile":{"background-color":"","background-image":"","background-repeat":"repeat","background-position":"center center","background-size":"auto","background-attachment":"scroll","background-type":"","background-media":"","overlay-type":"","overlay-color":"","overlay-opacity":"","overlay-gradient":""}},"ast-content-background-meta":{"desktop":{"background-color":"var(--ast-global-color-5)","background-image":"","background-repeat":"repeat","background-position":"center center","background-size":"auto","background-attachment":"scroll","background-type":"","background-media":"","overlay-type":"","overlay-color":"","overlay-opacity":"","overlay-gradient":""},"tablet":{"background-color":"var(--ast-global-color-5)","background-image":"","background-repeat":"repeat","background-position":"center center","background-size":"auto","background-attachment":"scroll","background-type":"","background-media":"","overlay-type":"","overlay-color":"","overlay-opacity":"","overlay-gradient":""},"mobile":{"background-color":"var(--ast-global-color-5)","background-image":"","background-repeat":"repeat","background-position":"center center","background-size":"auto","background-attachment":"scroll","background-type":"","background-media":"","overlay-type":"","overlay-color":"","overlay-opacity":"","overlay-gradient":""}},"footnotes":""},"categories":[15],"tags":[288,289,287,126],"class_list":["post-1826","post","type-post","status-publish","format-standard","has-post-thumbnail","hentry","category-6e-2017-2018","tag-cala-canyelles","tag-cap-ras","tag-llanca","tag-sortida"],"post_mailing_queue_ids":[],"_links":{"self":[{"href":"https:\/\/agora.xtec.cat\/ceippallach-figueres\/wp-json\/wp\/v2\/posts\/1826","targetHints":{"allow":["GET"]}}],"collection":[{"href":"https:\/\/agora.xtec.cat\/ceippallach-figueres\/wp-json\/wp\/v2\/posts"}],"about":[{"href":"https:\/\/agora.xtec.cat\/ceippallach-figueres\/wp-json\/wp\/v2\/types\/post"}],"author":[{"embeddable":true,"href":"https:\/\/agora.xtec.cat\/ceippallach-figueres\/wp-json\/wp\/v2\/users\/7"}],"replies":[{"embeddable":true,"href":"https:\/\/agora.xtec.cat\/ceippallach-figueres\/wp-json\/wp\/v2\/comments?post=1826"}],"version-history":[{"count":3,"href":"https:\/\/agora.xtec.cat\/ceippallach-figueres\/wp-json\/wp\/v2\/posts\/1826\/revisions"}],"predecessor-version":[{"id":1847,"href":"https:\/\/agora.xtec.cat\/ceippallach-figueres\/wp-json\/wp\/v2\/posts\/1826\/revisions\/1847"}],"wp:featuredmedia":[{"embeddable":true,"href":"https:\/\/agora.xtec.cat\/ceippallach-figueres\/wp-json\/wp\/v2\/media\/1827"}],"wp:attachment":[{"href":"https:\/\/agora.xtec.cat\/ceippallach-figueres\/wp-json\/wp\/v2\/media?parent=1826"}],"wp:term":[{"taxonomy":"category","embeddable":true,"href":"https:\/\/agora.xtec.cat\/ceippallach-figueres\/wp-json\/wp\/v2\/categories?post=1826"},{"taxonomy":"post_tag","embeddable":true,"href":"https:\/\/agora.xtec.cat\/ceippallach-figueres\/wp-json\/wp\/v2\/tags?post=1826"}],"curies":[{"name":"wp","href":"https:\/\/api.w.org\/{rel}","templated":true}]}}