{"id":1488,"date":"2017-03-27T15:46:45","date_gmt":"2017-03-27T13:46:45","guid":{"rendered":"http:\/\/agora.xtec.cat\/ceippallach-figueres\/?p=1488"},"modified":"2018-09-05T11:26:10","modified_gmt":"2018-09-05T09:26:10","slug":"ens-encanta-celebrar-el-carnaval","status":"publish","type":"post","link":"https:\/\/agora.xtec.cat\/ceippallach-figueres\/6e-2024-2025\/ens-encanta-celebrar-el-carnaval\/","title":{"rendered":"Ens encanta celebrar el Carnaval!"},"content":{"rendered":"<p>Hem fet un recull de fotografies de la celebraci\u00f3 del Carnaval a l&#8217;escola.<\/p>\n<ul>\n<li>Primer, un \u00e0lbum amb les consignes que ens va marcar el rei Carnestoltes.<\/li>\n<li>Despr\u00e9s, un altre \u00e0lbum amb imatges de la celebraci\u00f3 que vam fer oberta a les fam\u00edlies.<\/li>\n<li>Finalment, un recull de les can\u00e7ons que es van ballar en aquella festa.<\/li>\n<\/ul>\n<p><a href=\"https:\/\/goo.gl\/photos\/rcHQGT5j198vRaNK9\"><img loading=\"lazy\" decoding=\"async\" class=\"alignnone size-large wp-image-1490\" src=\"http:\/\/agora.xtec.cat\/ceippallach-figueres\/wp-content\/uploads\/usu654\/2017\/03\/consignes-1024x1024.jpg\" alt=\"consignes\" width=\"1024\" height=\"1024\" srcset=\"https:\/\/agora.xtec.cat\/ceippallach-figueres\/wp-content\/uploads\/usu654\/2017\/03\/consignes-1024x1024.jpg 1024w, https:\/\/agora.xtec.cat\/ceippallach-figueres\/wp-content\/uploads\/usu654\/2017\/03\/consignes-150x150.jpg 150w, https:\/\/agora.xtec.cat\/ceippallach-figueres\/wp-content\/uploads\/usu654\/2017\/03\/consignes-300x300.jpg 300w, https:\/\/agora.xtec.cat\/ceippallach-figueres\/wp-content\/uploads\/usu654\/2017\/03\/consignes-768x768.jpg 768w, https:\/\/agora.xtec.cat\/ceippallach-figueres\/wp-content\/uploads\/usu654\/2017\/03\/consignes.jpg 1512w\" sizes=\"auto, (max-width: 1024px) 100vw, 1024px\" \/><\/a><\/p>\n<p>&nbsp;<\/p>\n<p><a href=\"https:\/\/goo.gl\/photos\/99WtFifCpevU6jZ8A\"><img loading=\"lazy\" decoding=\"async\" class=\"alignnone size-large wp-image-1489\" src=\"http:\/\/agora.xtec.cat\/ceippallach-figueres\/wp-content\/uploads\/usu654\/2017\/03\/carnaval-1024x1024.jpg\" alt=\"carnaval\" width=\"1024\" height=\"1024\" srcset=\"https:\/\/agora.xtec.cat\/ceippallach-figueres\/wp-content\/uploads\/usu654\/2017\/03\/carnaval-1024x1024.jpg 1024w, https:\/\/agora.xtec.cat\/ceippallach-figueres\/wp-content\/uploads\/usu654\/2017\/03\/carnaval-150x150.jpg 150w, https:\/\/agora.xtec.cat\/ceippallach-figueres\/wp-content\/uploads\/usu654\/2017\/03\/carnaval-300x300.jpg 300w, https:\/\/agora.xtec.cat\/ceippallach-figueres\/wp-content\/uploads\/usu654\/2017\/03\/carnaval-768x768.jpg 768w, https:\/\/agora.xtec.cat\/ceippallach-figueres\/wp-content\/uploads\/usu654\/2017\/03\/carnaval.jpg 2047w\" sizes=\"auto, (max-width: 1024px) 100vw, 1024px\" \/><\/a><\/p>\n<p>Les can\u00e7ons que es van ballar a la celebraci\u00f3 de Carnaval van ser:<\/p>\n<ul>\n<li>Els nens i nenes d&#8217;infantil van ballar la can\u00e7\u00f3<a href=\"https:\/\/www.youtube.com\/watch?v=9bZkp7q19f0\"> &#8220;Gangnam Style&#8221; de PSY<\/a>.<\/li>\n<li>A la classe de primer van ballar la can\u00e7\u00f3<a href=\"https:\/\/www.youtube.com\/watch?v=yIwUjrvaXjM\"> &#8220;He mele no lilo&#8221; de la pel\u00b7l\u00edcula Lilo i Stitch<\/a>.<\/li>\n<li>A segon van ballar <a href=\"https:\/\/www.youtube.com\/watch?v=0nBFWzpWXuM\">&#8220;La vida es un Carnaval&#8221; de la C\u00e8lia Cruz<\/a>.<\/li>\n<li>A tercer van ballar <a href=\"https:\/\/www.youtube.com\/watch?v=i7cEs-1qK5k\">&#8220;Venezia&#8221; dels Hombres G<\/a>.<\/li>\n<li>La classe de quart va comen\u00e7ar ballant la <a href=\"https:\/\/www.youtube.com\/watch?v=7E00nUVp4HA\">Marxa Imperial del canvi de gu\u00e0rdia del Palau de Buckingham<\/a> i va acabar ballant el <a href=\"https:\/\/www.youtube.com\/watch?v=YykjpeuMNEk\">&#8220;Hymn for the weekend&#8221; de Coldplay<\/a>.<\/li>\n<li>Els nens i nenes de cinqu\u00e8 i sis\u00e8 van ballar una barreja de can\u00e7ons eg\u00edpcies i centre-africanes.<\/li>\n<\/ul>\n","protected":false},"excerpt":{"rendered":"<p>Hem fet un recull de fotografies de la celebraci\u00f3 del Carnaval a l&#8217;escola: de les consignes del rei Carnestoltes i de la festa final.<\/p>\n","protected":false},"author":1,"featured_media":1489,"comment_status":"open","ping_status":"open","sticky":false,"template":"","format":"standard","meta":{"_bbp_topic_count":0,"_bbp_reply_count":0,"_bbp_total_topic_count":0,"_bbp_total_reply_count":0,"_bbp_voice_count":0,"_bbp_anonymous_reply_count":0,"_bbp_topic_count_hidden":0,"_bbp_reply_count_hidden":0,"_bbp_forum_subforum_count":0,"site-sidebar-layout":"default","site-content-layout":"","ast-site-content-layout":"","site-content-style":"default","site-sidebar-style":"default","ast-global-header-display":"","ast-banner-title-visibility":"","ast-main-header-display":"","ast-hfb-above-header-display":"","ast-hfb-below-header-display":"","ast-hfb-mobile-header-display":"","site-post-title":"","ast-breadcrumbs-content":"","ast-featured-img":"","footer-sml-layout":"","theme-transparent-header-meta":"","adv-header-id-meta":"","stick-header-meta":"","header-above-stick-meta":"","header-main-stick-meta":"","header-below-stick-meta":"","astra-migrate-meta-layouts":"default","ast-page-background-enabled":"default","ast-page-background-meta":{"desktop":{"background-color":"var(--ast-global-color-4)","background-image":"","background-repeat":"repeat","background-position":"center center","background-size":"auto","background-attachment":"scroll","background-type":"","background-media":"","overlay-type":"","overlay-color":"","overlay-opacity":"","overlay-gradient":""},"tablet":{"background-color":"","background-image":"","background-repeat":"repeat","background-position":"center center","background-size":"auto","background-attachment":"scroll","background-type":"","background-media":"","overlay-type":"","overlay-color":"","overlay-opacity":"","overlay-gradient":""},"mobile":{"background-color":"","background-image":"","background-repeat":"repeat","background-position":"center center","background-size":"auto","background-attachment":"scroll","background-type":"","background-media":"","overlay-type":"","overlay-color":"","overlay-opacity":"","overlay-gradient":""}},"ast-content-background-meta":{"desktop":{"background-color":"var(--ast-global-color-5)","background-image":"","background-repeat":"repeat","background-position":"center center","background-size":"auto","background-attachment":"scroll","background-type":"","background-media":"","overlay-type":"","overlay-color":"","overlay-opacity":"","overlay-gradient":""},"tablet":{"background-color":"var(--ast-global-color-5)","background-image":"","background-repeat":"repeat","background-position":"center center","background-size":"auto","background-attachment":"scroll","background-type":"","background-media":"","overlay-type":"","overlay-color":"","overlay-opacity":"","overlay-gradient":""},"mobile":{"background-color":"var(--ast-global-color-5)","background-image":"","background-repeat":"repeat","background-position":"center center","background-size":"auto","background-attachment":"scroll","background-type":"","background-media":"","overlay-type":"","overlay-color":"","overlay-opacity":"","overlay-gradient":""}},"footnotes":""},"categories":[310,15,14,13,12,11,10,9,8,109],"tags":[220,221,222],"class_list":["post-1488","post","type-post","status-publish","format-standard","has-post-thumbnail","hentry","category-6e-2016-2017","category-6e-2017-2018","category-6e-2018-2019","category-6e-2019-2020","category-6e-2020-2021","category-6e-2021-2022","category-6e-2022-2023","category-6e-2023-2024","category-6e-2024-2025","category-festes","tag-carnaval","tag-carnestoltes","tag-consignes"],"post_mailing_queue_ids":[],"_links":{"self":[{"href":"https:\/\/agora.xtec.cat\/ceippallach-figueres\/wp-json\/wp\/v2\/posts\/1488","targetHints":{"allow":["GET"]}}],"collection":[{"href":"https:\/\/agora.xtec.cat\/ceippallach-figueres\/wp-json\/wp\/v2\/posts"}],"about":[{"href":"https:\/\/agora.xtec.cat\/ceippallach-figueres\/wp-json\/wp\/v2\/types\/post"}],"author":[{"embeddable":true,"href":"https:\/\/agora.xtec.cat\/ceippallach-figueres\/wp-json\/wp\/v2\/users\/1"}],"replies":[{"embeddable":true,"href":"https:\/\/agora.xtec.cat\/ceippallach-figueres\/wp-json\/wp\/v2\/comments?post=1488"}],"version-history":[{"count":3,"href":"https:\/\/agora.xtec.cat\/ceippallach-figueres\/wp-json\/wp\/v2\/posts\/1488\/revisions"}],"predecessor-version":[{"id":1576,"href":"https:\/\/agora.xtec.cat\/ceippallach-figueres\/wp-json\/wp\/v2\/posts\/1488\/revisions\/1576"}],"wp:featuredmedia":[{"embeddable":true,"href":"https:\/\/agora.xtec.cat\/ceippallach-figueres\/wp-json\/wp\/v2\/media\/1489"}],"wp:attachment":[{"href":"https:\/\/agora.xtec.cat\/ceippallach-figueres\/wp-json\/wp\/v2\/media?parent=1488"}],"wp:term":[{"taxonomy":"category","embeddable":true,"href":"https:\/\/agora.xtec.cat\/ceippallach-figueres\/wp-json\/wp\/v2\/categories?post=1488"},{"taxonomy":"post_tag","embeddable":true,"href":"https:\/\/agora.xtec.cat\/ceippallach-figueres\/wp-json\/wp\/v2\/tags?post=1488"}],"curies":[{"name":"wp","href":"https:\/\/api.w.org\/{rel}","templated":true}]}}