{"id":1402,"date":"2017-02-16T13:26:31","date_gmt":"2017-02-16T12:26:31","guid":{"rendered":"http:\/\/agora.xtec.cat\/ceippallach-figueres\/?p=1402"},"modified":"2018-09-05T11:45:46","modified_gmt":"2018-09-05T09:45:46","slug":"cantania-2017-la-nit-dels-malsons","status":"publish","type":"post","link":"https:\/\/agora.xtec.cat\/ceippallach-figueres\/6e-2017-2018\/cantania-2017-la-nit-dels-malsons\/","title":{"rendered":"Cant\u00e0nia 2017: &#8220;La nit dels malsons&#8221;"},"content":{"rendered":"<p>Els alumnes de 5\u00e8 i 6\u00e8 ja han comen\u00e7at a treballar la cantata d&#8217;aquest any!<\/p>\n<p>La cantata d\u2019aquest any porta per t\u00edtol \u201cLa nit dels malsons\u201d, i ser\u00e0 cantada per uns 42.000 nens de 3r, 4t, 5\u00e8 i 6\u00e8 d\u2019Educaci\u00f3 Prim\u00e0ria durant els mesos d\u2019abril, maig i juny de 2017 a L\u2019Auditori de Barcelona, El Vendrell, Figueres, Granollers, Manresa, Matar\u00f3, Olot, Reus, Sant Cugat, Vic, Vilafranca del Pened\u00e8s, C\u00e0diz, Parla, Saragossa, Sevilla, Valladolid, Guimaraes (Portugal), Biefeld (Alemanya), Koblenz (Alemanya) i Neustadt (Alemanya).<\/p>\n<p>La composici\u00f3 musical d\u2019enguany \u00e9s obra d\u2019\u00c0lex Mart\u00ednez amb text de Marta Buchaca. Dirigida per Josep Prats, Elisenda Carrasco, Montserrat Meneses i Oriol Castanyer (direcci\u00f3 musical) i Marta Gil i Ignasi Tom\u00e0s (direcci\u00f3 esc\u00e8nica).<\/p>\n<p>Sinopsi de \u201cLA NIT DELS MALSONS\u201d: En Lluc \u00e9s un nen que t\u00e9 por de tot. Ara ha d&#8217;anar de col\u00f2nies per\u00f2 ell no vol anar-hi i t\u00e9 malsons. \u00c9s llavors que coneix la guardiana de la por i se n\u2019adona que tenir por \u00e9s normal i decideix ser valent i anar de col\u00f2nies. Se n\u2019adonar\u00e0 que aquells dies seran els dies m\u00e9s feli\u00e7os de la seva inf\u00e0ncia.<\/p>\n<p><a href=\"http:\/\/agora.xtec.cat\/ceippallach-figueres\/wp-content\/uploads\/usu654\/2017\/02\/cant.png\"><img loading=\"lazy\" decoding=\"async\" class=\"alignnone size-full wp-image-1403\" src=\"http:\/\/agora.xtec.cat\/ceippallach-figueres\/wp-content\/uploads\/usu654\/2017\/02\/cant.png\" alt=\"cant\" width=\"234\" height=\"216\" \/><\/a><\/p>\n","protected":false},"excerpt":{"rendered":"<p>Els alumnes de 5\u00e8 i 6\u00e8 ja han comen\u00e7at a treballar la cantata d&#8217;aquest any!<\/p>\n","protected":false},"author":1,"featured_media":1403,"comment_status":"open","ping_status":"closed","sticky":false,"template":"","format":"standard","meta":{"_bbp_topic_count":0,"_bbp_reply_count":0,"_bbp_total_topic_count":0,"_bbp_total_reply_count":0,"_bbp_voice_count":0,"_bbp_anonymous_reply_count":0,"_bbp_topic_count_hidden":0,"_bbp_reply_count_hidden":0,"_bbp_forum_subforum_count":0,"site-sidebar-layout":"default","site-content-layout":"","ast-site-content-layout":"","site-content-style":"default","site-sidebar-style":"default","ast-global-header-display":"","ast-banner-title-visibility":"","ast-main-header-display":"","ast-hfb-above-header-display":"","ast-hfb-below-header-display":"","ast-hfb-mobile-header-display":"","site-post-title":"","ast-breadcrumbs-content":"","ast-featured-img":"","footer-sml-layout":"","theme-transparent-header-meta":"","adv-header-id-meta":"","stick-header-meta":"","header-above-stick-meta":"","header-main-stick-meta":"","header-below-stick-meta":"","astra-migrate-meta-layouts":"default","ast-page-background-enabled":"default","ast-page-background-meta":{"desktop":{"background-color":"var(--ast-global-color-4)","background-image":"","background-repeat":"repeat","background-position":"center center","background-size":"auto","background-attachment":"scroll","background-type":"","background-media":"","overlay-type":"","overlay-color":"","overlay-opacity":"","overlay-gradient":""},"tablet":{"background-color":"","background-image":"","background-repeat":"repeat","background-position":"center center","background-size":"auto","background-attachment":"scroll","background-type":"","background-media":"","overlay-type":"","overlay-color":"","overlay-opacity":"","overlay-gradient":""},"mobile":{"background-color":"","background-image":"","background-repeat":"repeat","background-position":"center center","background-size":"auto","background-attachment":"scroll","background-type":"","background-media":"","overlay-type":"","overlay-color":"","overlay-opacity":"","overlay-gradient":""}},"ast-content-background-meta":{"desktop":{"background-color":"var(--ast-global-color-5)","background-image":"","background-repeat":"repeat","background-position":"center center","background-size":"auto","background-attachment":"scroll","background-type":"","background-media":"","overlay-type":"","overlay-color":"","overlay-opacity":"","overlay-gradient":""},"tablet":{"background-color":"var(--ast-global-color-5)","background-image":"","background-repeat":"repeat","background-position":"center center","background-size":"auto","background-attachment":"scroll","background-type":"","background-media":"","overlay-type":"","overlay-color":"","overlay-opacity":"","overlay-gradient":""},"mobile":{"background-color":"var(--ast-global-color-5)","background-image":"","background-repeat":"repeat","background-position":"center center","background-size":"auto","background-attachment":"scroll","background-type":"","background-media":"","overlay-type":"","overlay-color":"","overlay-opacity":"","overlay-gradient":""}},"footnotes":""},"categories":[310,15,349],"tags":[36],"class_list":["post-1402","post","type-post","status-publish","format-standard","has-post-thumbnail","hentry","category-6e-2016-2017","category-6e-2017-2018","category-cantania-2017","tag-musica"],"post_mailing_queue_ids":[],"_links":{"self":[{"href":"https:\/\/agora.xtec.cat\/ceippallach-figueres\/wp-json\/wp\/v2\/posts\/1402","targetHints":{"allow":["GET"]}}],"collection":[{"href":"https:\/\/agora.xtec.cat\/ceippallach-figueres\/wp-json\/wp\/v2\/posts"}],"about":[{"href":"https:\/\/agora.xtec.cat\/ceippallach-figueres\/wp-json\/wp\/v2\/types\/post"}],"author":[{"embeddable":true,"href":"https:\/\/agora.xtec.cat\/ceippallach-figueres\/wp-json\/wp\/v2\/users\/1"}],"replies":[{"embeddable":true,"href":"https:\/\/agora.xtec.cat\/ceippallach-figueres\/wp-json\/wp\/v2\/comments?post=1402"}],"version-history":[{"count":2,"href":"https:\/\/agora.xtec.cat\/ceippallach-figueres\/wp-json\/wp\/v2\/posts\/1402\/revisions"}],"predecessor-version":[{"id":1858,"href":"https:\/\/agora.xtec.cat\/ceippallach-figueres\/wp-json\/wp\/v2\/posts\/1402\/revisions\/1858"}],"wp:featuredmedia":[{"embeddable":true,"href":"https:\/\/agora.xtec.cat\/ceippallach-figueres\/wp-json\/wp\/v2\/media\/1403"}],"wp:attachment":[{"href":"https:\/\/agora.xtec.cat\/ceippallach-figueres\/wp-json\/wp\/v2\/media?parent=1402"}],"wp:term":[{"taxonomy":"category","embeddable":true,"href":"https:\/\/agora.xtec.cat\/ceippallach-figueres\/wp-json\/wp\/v2\/categories?post=1402"},{"taxonomy":"post_tag","embeddable":true,"href":"https:\/\/agora.xtec.cat\/ceippallach-figueres\/wp-json\/wp\/v2\/tags?post=1402"}],"curies":[{"name":"wp","href":"https:\/\/api.w.org\/{rel}","templated":true}]}}