{"id":528,"count":3,"description":"L'escola va entrar el curs 2019-2020 al programa Contra el Bullying de la Fundaci\u00f3 Bar\u00e7a, Des d'aleshores els mestres han anat rebent formaci\u00f3, fan un treballa espec\u00edfic a les aules i s'ofereixen tallers per l'alumnat i recursos per les fam\u00edlies.\r\n\r\n<a href=\"https:\/\/agora.xtec.cat\/ceippallach-figueres\/wp-content\/uploads\/usu654\/2022\/10\/bully.jpg\"><img class=\"alignnone size-full wp-image-5070\" src=\"https:\/\/agora.xtec.cat\/ceippallach-figueres\/wp-content\/uploads\/usu654\/2022\/10\/bully.jpg\" alt=\"\" width=\"640\" height=\"638\" \/><\/a>","link":"https:\/\/agora.xtec.cat\/ceippallach-figueres\/categoria\/contra_el_bullying\/","name":"Contra el Bullying","slug":"contra_el_bullying","taxonomy":"category","parent":0,"meta":[],"_links":{"self":[{"href":"https:\/\/agora.xtec.cat\/ceippallach-figueres\/wp-json\/wp\/v2\/categories\/528","targetHints":{"allow":["GET"]}}],"collection":[{"href":"https:\/\/agora.xtec.cat\/ceippallach-figueres\/wp-json\/wp\/v2\/categories"}],"about":[{"href":"https:\/\/agora.xtec.cat\/ceippallach-figueres\/wp-json\/wp\/v2\/taxonomies\/category"}],"wp:post_type":[{"href":"https:\/\/agora.xtec.cat\/ceippallach-figueres\/wp-json\/wp\/v2\/posts?categories=528"}],"curies":[{"name":"wp","href":"https:\/\/api.w.org\/{rel}","templated":true}]}}