{"id":527,"count":7,"description":"<a href=\"https:\/\/agora.xtec.cat\/ceippallach-figueres\/wp-content\/uploads\/usu654\/2021\/12\/dans2.jpg\"><img class=\"alignnone wp-image-4723\" src=\"https:\/\/agora.xtec.cat\/ceippallach-figueres\/wp-content\/uploads\/usu654\/2021\/12\/dans2-1024x682.jpg\" alt=\"\" width=\"469\" height=\"312\" \/> <\/a><a href=\"https:\/\/agora.xtec.cat\/ceippallach-figueres\/wp-content\/uploads\/usu654\/2021\/12\/dans1.jpg\"><img class=\"alignnone wp-image-4722\" src=\"https:\/\/agora.xtec.cat\/ceippallach-figueres\/wp-content\/uploads\/usu654\/2021\/12\/dans1-1024x682.jpg\" alt=\"\" width=\"469\" height=\"313\" \/><\/a>\r\n\r\n<span style=\"font-weight: 400;\">El curs 2019-2020 l\u2019escola va comen\u00e7ar a formar part del projecte \"Planters\" de l'associaci\u00f3 ConArte Internacional amb l'alumnat de cicle mitj\u00e0 fent dansa en horari lectiu.<\/span>\r\n\r\n<span style=\"font-weight: 400;\">Per dur a terme aquest projecte es dedica una hora de les sessions d\u2019educaci\u00f3 f\u00edsica, ja que el nostre cos \u00e9s l\u2019eina b\u00e0sica per dur-ho a terme, destacant que la dansa no t\u00e9 g\u00e8nere i que ajuda al desenvolupament tant f\u00edsic com psicol\u00f2gic. En aquestes sessions tenim la col\u00b7laboraci\u00f3 d\u2019una artista externa, la Georgina Avil\u00e9s, que \u00e9s l\u2019encarregada de guiar-nos cap aquesta disciplina.<\/span>\r\n\r\n<span style=\"font-weight: 400;\">Al llarg dels dos anys que els alumnes reben la formaci\u00f3 s\u2019intenta que assoleixin a grans trets els seg\u00fcents objectius:<\/span>\r\n<ul>\r\n \t<li style=\"font-weight: 400;\" aria-level=\"1\"><span style=\"font-weight: 400;\">Tenir consci\u00e8ncia del propi cos. Posici\u00f3 corporal i segmentaci\u00f3.<\/span><\/li>\r\n \t<li style=\"font-weight: 400;\" aria-level=\"1\"><span style=\"font-weight: 400;\">Ser conscient de les 3 dimensions de moviment (terra, mig, a dalt)<\/span><\/li>\r\n \t<li style=\"font-weight: 400;\" aria-level=\"1\"><span style=\"font-weight: 400;\">Coneixement de l\u2019espai personal, grupal i esc\u00e8nic; aixi com fer un bon \u00fas espacial en la realitzaci\u00f3 de jocs, activitats, exercicis i coreografies.<\/span><\/li>\r\n \t<li style=\"font-weight: 400;\" aria-level=\"1\"><span style=\"font-weight: 400;\">Capacitat d\u2019executar i crear diferents qualitats de moviment, ritmes i din\u00e0miques<\/span><\/li>\r\n \t<li style=\"font-weight: 400;\" aria-level=\"1\"><span style=\"font-weight: 400;\">Capacitat de treball i cooperaci\u00f3 en grup i en parella per poder crear propostes esc\u00e8niques amb escolta i confian\u00e7a.<\/span><\/li>\r\n \t<li style=\"font-weight: 400;\" aria-level=\"1\"><span style=\"font-weight: 400;\">Memoritzar i executar amb ritme i conciencia grupal coreografies en grup que incloguin diferents canvis de posici\u00f3, grup, parella, escenes i\/o vestuari.<\/span><\/li>\r\n \t<li style=\"font-weight: 400;\" aria-level=\"1\"><span style=\"font-weight: 400;\">Potenciar el pensament cr\u00edtic i la personalitat de l\u2019infant.<\/span><\/li>\r\n<\/ul>\r\n<span style=\"font-weight: 400;\">ConArte Internacional busca la continu\u00eftat d\u2019aquesta formaci\u00f3 a trav\u00e9s d\u2019una activitat extraescolars, on els nens i nenes que fan dansa per segon any o b\u00e9 han passat pel \"Planter\" puguin seguir dins el m\u00f3n de les arts esc\u00e8niques i tenint contacte amb la cultura de la ciutat.<\/span>\r\n\r\n<span style=\"font-weight: 400;\">El professorat implicat en els \"Planters\" de les 4 escoles de Figueres, i d'altres centres de prim\u00e0ria i secund\u00e0ria de Girona i Salt, rep tamb\u00e9 una formaci\u00f3 al llarg del curs en els Grups de treball.<\/span>\r\n\r\n<span style=\"font-weight: 400;\">M\u00e9s informaci\u00f3: <\/span>\r\n\r\n<a href=\"https:\/\/www.conarteinternacional.net\/\"><span style=\"font-weight: 400;\">Conarte<\/span><\/a>\r\n\r\n<a href=\"https:\/\/drive.google.com\/file\/d\/1SwxneRZxUllHErkpn3mQMZRzWXrS92CS\/view?usp=sharing\"><span style=\"font-weight: 400;\">L\u00ednies i principis de \u201cPlanters\u201d<\/span><\/a>\r\n\r\n<a href=\"https:\/\/www.agitart.cat\/\"><span style=\"font-weight: 400;\">Agitart<\/span><\/a>\r\n\r\n<a href=\"https:\/\/www.emporda.info\/educacio\/2021\/11\/03\/musica-element-d-inclusio-per-59050905.html\"><span style=\"font-weight: 400;\">Article al setmanari Empord\u00e0<\/span><\/a>","link":"https:\/\/agora.xtec.cat\/ceippallach-figueres\/categoria\/planter_de_dansa\/","name":"Planter de dansa","slug":"planter_de_dansa","taxonomy":"category","parent":0,"meta":[],"_links":{"self":[{"href":"https:\/\/agora.xtec.cat\/ceippallach-figueres\/wp-json\/wp\/v2\/categories\/527","targetHints":{"allow":["GET"]}}],"collection":[{"href":"https:\/\/agora.xtec.cat\/ceippallach-figueres\/wp-json\/wp\/v2\/categories"}],"about":[{"href":"https:\/\/agora.xtec.cat\/ceippallach-figueres\/wp-json\/wp\/v2\/taxonomies\/category"}],"wp:post_type":[{"href":"https:\/\/agora.xtec.cat\/ceippallach-figueres\/wp-json\/wp\/v2\/posts?categories=527"}],"curies":[{"name":"wp","href":"https:\/\/api.w.org\/{rel}","templated":true}]}}