{"id":463,"count":6,"description":"El curs 2018-2019 es va comen\u00e7ar a treballar la glosa dins de l'\u00e0rea de m\u00fasica. L'\u00fas de la can\u00e7\u00f3 improvada com a recurs pedag\u00f2gic ajuda a treballar de manera competencial continguts tant ling\u00fc\u00edstics com art\u00edstics, aix\u00ed com aspectes d'educaci\u00f3 en valors i culturals.\r\n\r\nCada cop s\u00f3n m\u00e9s les escoles i instituts que han introdu\u00eft la glosa en l'horari lectiu dels seus centres.\r\n\r\n<a href=\"http:\/\/www.eduglosa.cat\/\">Cliqueu aqu\u00ed per accedir al web d'Eduglosa.<\/a>\r\n\r\n<iframe src=\"https:\/\/prezi.com\/view\/ltmWI4MBbZPmhyufs7Ib\/embed\" width=\"550\" height=\"400\" allowfullscreen=\"allowfullscreen\"><\/iframe>","link":"https:\/\/agora.xtec.cat\/ceippallach-figueres\/categoria\/glosa\/","name":"Glosa","slug":"glosa","taxonomy":"category","parent":0,"meta":[],"_links":{"self":[{"href":"https:\/\/agora.xtec.cat\/ceippallach-figueres\/wp-json\/wp\/v2\/categories\/463","targetHints":{"allow":["GET"]}}],"collection":[{"href":"https:\/\/agora.xtec.cat\/ceippallach-figueres\/wp-json\/wp\/v2\/categories"}],"about":[{"href":"https:\/\/agora.xtec.cat\/ceippallach-figueres\/wp-json\/wp\/v2\/taxonomies\/category"}],"wp:post_type":[{"href":"https:\/\/agora.xtec.cat\/ceippallach-figueres\/wp-json\/wp\/v2\/posts?categories=463"}],"curies":[{"name":"wp","href":"https:\/\/api.w.org\/{rel}","templated":true}]}}