{"id":452,"count":2,"description":"<span style=\"font-weight: 400;\">Durant el curs 2018-2019 els alumnes de 4t van iniciar aquest projecte de l\u2019\u00e0rea de m\u00fasica, posant aix\u00ed l\u2019embri\u00f3 en la pr\u00e0ctica d\u2019aquest instrument.\u00a0 Durant aquest curs s\u2019hi han afegit els nous alumnes de 4rt i els que fan 5\u00e8 segueixen avan\u00e7ant. S\u00f3n els pioners del projecte.<\/span>\r\n\r\n<span style=\"font-weight: 400;\">Els flabiolaires actuen a les festes de l\u2019escola: Castanyada, Concert de Nadal, St. Jordi...<\/span>\r\n\r\n<a href=\"https:\/\/sites.google.com\/view\/flabiolalescola\/inici\">Cliqueu aqu\u00ed per accedir al web del projecte \"Flabiol a l'escola\".<\/a>\r\n\r\nEscoles de Catalunya que participen al projecte \"Flabiol a l'escola\":\r\n\r\n<iframe src=\"https:\/\/www.google.com\/maps\/d\/embed?mid=1Aj035MYePDTP_JPbRoLWMDpQd74&amp;hl=ca\" width=\"640\" height=\"480\"><\/iframe>\r\n\r\n&nbsp;","link":"https:\/\/agora.xtec.cat\/ceippallach-figueres\/categoria\/flabiol\/","name":"El flabiol a l'escola","slug":"flabiol","taxonomy":"category","parent":0,"meta":[],"_links":{"self":[{"href":"https:\/\/agora.xtec.cat\/ceippallach-figueres\/wp-json\/wp\/v2\/categories\/452","targetHints":{"allow":["GET"]}}],"collection":[{"href":"https:\/\/agora.xtec.cat\/ceippallach-figueres\/wp-json\/wp\/v2\/categories"}],"about":[{"href":"https:\/\/agora.xtec.cat\/ceippallach-figueres\/wp-json\/wp\/v2\/taxonomies\/category"}],"wp:post_type":[{"href":"https:\/\/agora.xtec.cat\/ceippallach-figueres\/wp-json\/wp\/v2\/posts?categories=452"}],"curies":[{"name":"wp","href":"https:\/\/api.w.org\/{rel}","templated":true}]}}