{"id":246,"count":2,"description":"El projecte Tirabuix\u00f3 consisteix en fer un seguit de moviments acompanyats de m\u00fasica de manera sistem\u00e0tica, amb l'objectiu de preparar tant el cos com la ment per aprofitar al m\u00e0xim el qu\u00e8 es fa a l'escola.\r\n\r\nEl curs 2016-2017 va ser el primer en qu\u00e8 es va comen\u00e7ar el projecte. Cada dia, els nens i nenes de P3, P4, P5, 1r, 2n, 3r i 4t dediquen uns minuts a fer uns exercicis amb m\u00fasica que els ajuden a comen\u00e7ar les sessions amb m\u00e9s ganes i m\u00e9s tranquils.\r\n\r\n<a href=\"https:\/\/tiratirabuixo.wordpress.com\/\">Aqu\u00ed<\/a> podeu trobar m\u00e9s informaci\u00f3 d'aquesta manera de treballar, que es fa servir a bastantes escoles de l'Alt Empord\u00e0 i la Garrotxa.","link":"https:\/\/agora.xtec.cat\/ceippallach-figueres\/categoria\/tirabuixo\/","name":"Tirabuix\u00f3","slug":"tirabuixo","taxonomy":"category","parent":0,"meta":[],"_links":{"self":[{"href":"https:\/\/agora.xtec.cat\/ceippallach-figueres\/wp-json\/wp\/v2\/categories\/246","targetHints":{"allow":["GET"]}}],"collection":[{"href":"https:\/\/agora.xtec.cat\/ceippallach-figueres\/wp-json\/wp\/v2\/categories"}],"about":[{"href":"https:\/\/agora.xtec.cat\/ceippallach-figueres\/wp-json\/wp\/v2\/taxonomies\/category"}],"wp:post_type":[{"href":"https:\/\/agora.xtec.cat\/ceippallach-figueres\/wp-json\/wp\/v2\/posts?categories=246"}],"curies":[{"name":"wp","href":"https:\/\/api.w.org\/{rel}","templated":true}]}}