{"id":4091,"date":"2021-03-09T15:04:35","date_gmt":"2021-03-09T14:04:35","guid":{"rendered":"http:\/\/agora.xtec.cat\/ceiporlandai\/?p=4091"},"modified":"2021-03-09T15:05:22","modified_gmt":"2021-03-09T14:05:22","slug":"no-more-matildas-dia-internacional-de-la-dona-cientifica","status":"publish","type":"post","link":"https:\/\/agora.xtec.cat\/ceiporlandai\/general\/no-more-matildas-dia-internacional-de-la-dona-cientifica\/","title":{"rendered":"No More Matildas: Dia Internacional de la dona cient\u00edfica"},"content":{"rendered":"<p><a href=\"https:\/\/agora.xtec.cat\/ceiporlandai\/wp-content\/uploads\/usu1785\/2021\/03\/Webp.net-resizeimage1.jpg\"><img loading=\"lazy\" decoding=\"async\" class=\"alignnone size-large wp-image-4095\" src=\"https:\/\/agora.xtec.cat\/ceiporlandai\/wp-content\/uploads\/usu1785\/2021\/03\/Webp.net-resizeimage1-1024x766.jpg\" alt=\"\" width=\"1024\" height=\"766\" srcset=\"https:\/\/agora.xtec.cat\/ceiporlandai\/wp-content\/uploads\/usu1785\/2021\/03\/Webp.net-resizeimage1-1024x766.jpg 1024w, https:\/\/agora.xtec.cat\/ceiporlandai\/wp-content\/uploads\/usu1785\/2021\/03\/Webp.net-resizeimage1-300x224.jpg 300w, https:\/\/agora.xtec.cat\/ceiporlandai\/wp-content\/uploads\/usu1785\/2021\/03\/Webp.net-resizeimage1-768x574.jpg 768w, https:\/\/agora.xtec.cat\/ceiporlandai\/wp-content\/uploads\/usu1785\/2021\/03\/Webp.net-resizeimage1-200x150.jpg 200w\" sizes=\"auto, (max-width: 1024px) 100vw, 1024px\" \/><\/a>El dia 2 de mar\u00e7 va venir la Mireia ( mare d\u2019en Pau i en Pep de Coets i Camaleons). L&#8217;11 de febrer era el dia de la dona cient\u00edfica i ella, que \u00e9s investigadora, ens va explicar amb qui treballa i on, per qu\u00e8 volia treballar en recerca, quines seves eren les seves aficions&#8230;<\/p>\n<p>Vam aprendre qu\u00e8 son els microorganismes i com experimentava des de la Universitat amb les mostres.<\/p>\n<p>Maties i Dani<\/p>\n","protected":false},"excerpt":{"rendered":"<p>El dia 2 de mar\u00e7 va venir la Mireia ( mare d\u2019en Pau i en Pep de Coets i Camaleons). L&#8217;11 de febrer era el dia de la dona cient\u00edfica i ella, que \u00e9s investigadora, ens va explicar amb qui treballa i on, per qu\u00e8 volia treballar en recerca, quines seves eren les seves aficions&#8230; [&hellip;]<\/p>\n","protected":false},"author":40,"featured_media":4095,"comment_status":"open","ping_status":"closed","sticky":false,"template":"","format":"standard","meta":{"_bbp_topic_count":0,"_bbp_reply_count":0,"_bbp_total_topic_count":0,"_bbp_total_reply_count":0,"_bbp_voice_count":0,"_bbp_anonymous_reply_count":0,"_bbp_topic_count_hidden":0,"_bbp_reply_count_hidden":0,"_bbp_forum_subforum_count":0,"site-sidebar-layout":"default","site-content-layout":"","ast-site-content-layout":"","site-content-style":"default","site-sidebar-style":"default","ast-global-header-display":"","ast-banner-title-visibility":"","ast-main-header-display":"","ast-hfb-above-header-display":"","ast-hfb-below-header-display":"","ast-hfb-mobile-header-display":"","site-post-title":"","ast-breadcrumbs-content":"","ast-featured-img":"","footer-sml-layout":"","theme-transparent-header-meta":"","adv-header-id-meta":"","stick-header-meta":"","header-above-stick-meta":"","header-main-stick-meta":"","header-below-stick-meta":"","astra-migrate-meta-layouts":"default","ast-page-background-enabled":"default","ast-page-background-meta":{"desktop":{"background-color":"var(--ast-global-color-4)","background-image":"","background-repeat":"repeat","background-position":"center center","background-size":"auto","background-attachment":"scroll","background-type":"","background-media":"","overlay-type":"","overlay-color":"","overlay-opacity":"","overlay-gradient":""},"tablet":{"background-color":"","background-image":"","background-repeat":"repeat","background-position":"center center","background-size":"auto","background-attachment":"scroll","background-type":"","background-media":"","overlay-type":"","overlay-color":"","overlay-opacity":"","overlay-gradient":""},"mobile":{"background-color":"","background-image":"","background-repeat":"repeat","background-position":"center center","background-size":"auto","background-attachment":"scroll","background-type":"","background-media":"","overlay-type":"","overlay-color":"","overlay-opacity":"","overlay-gradient":""}},"ast-content-background-meta":{"desktop":{"background-color":"var(--ast-global-color-5)","background-image":"","background-repeat":"repeat","background-position":"center center","background-size":"auto","background-attachment":"scroll","background-type":"","background-media":"","overlay-type":"","overlay-color":"","overlay-opacity":"","overlay-gradient":""},"tablet":{"background-color":"var(--ast-global-color-5)","background-image":"","background-repeat":"repeat","background-position":"center center","background-size":"auto","background-attachment":"scroll","background-type":"","background-media":"","overlay-type":"","overlay-color":"","overlay-opacity":"","overlay-gradient":""},"mobile":{"background-color":"var(--ast-global-color-5)","background-image":"","background-repeat":"repeat","background-position":"center center","background-size":"auto","background-attachment":"scroll","background-type":"","background-media":"","overlay-type":"","overlay-color":"","overlay-opacity":"","overlay-gradient":""}},"footnotes":""},"categories":[1,11,4,5],"tags":[],"class_list":["post-4091","post","type-post","status-publish","format-standard","has-post-thumbnail","hentry","category-general","category-grans","category-portada","category-primaria"],"post_mailing_queue_ids":[],"_links":{"self":[{"href":"https:\/\/agora.xtec.cat\/ceiporlandai\/wp-json\/wp\/v2\/posts\/4091","targetHints":{"allow":["GET"]}}],"collection":[{"href":"https:\/\/agora.xtec.cat\/ceiporlandai\/wp-json\/wp\/v2\/posts"}],"about":[{"href":"https:\/\/agora.xtec.cat\/ceiporlandai\/wp-json\/wp\/v2\/types\/post"}],"author":[{"embeddable":true,"href":"https:\/\/agora.xtec.cat\/ceiporlandai\/wp-json\/wp\/v2\/users\/40"}],"replies":[{"embeddable":true,"href":"https:\/\/agora.xtec.cat\/ceiporlandai\/wp-json\/wp\/v2\/comments?post=4091"}],"version-history":[{"count":3,"href":"https:\/\/agora.xtec.cat\/ceiporlandai\/wp-json\/wp\/v2\/posts\/4091\/revisions"}],"predecessor-version":[{"id":4096,"href":"https:\/\/agora.xtec.cat\/ceiporlandai\/wp-json\/wp\/v2\/posts\/4091\/revisions\/4096"}],"wp:featuredmedia":[{"embeddable":true,"href":"https:\/\/agora.xtec.cat\/ceiporlandai\/wp-json\/wp\/v2\/media\/4095"}],"wp:attachment":[{"href":"https:\/\/agora.xtec.cat\/ceiporlandai\/wp-json\/wp\/v2\/media?parent=4091"}],"wp:term":[{"taxonomy":"category","embeddable":true,"href":"https:\/\/agora.xtec.cat\/ceiporlandai\/wp-json\/wp\/v2\/categories?post=4091"},{"taxonomy":"post_tag","embeddable":true,"href":"https:\/\/agora.xtec.cat\/ceiporlandai\/wp-json\/wp\/v2\/tags?post=4091"}],"curies":[{"name":"wp","href":"https:\/\/api.w.org\/{rel}","templated":true}]}}