{"id":2648,"date":"2019-04-28T19:54:11","date_gmt":"2019-04-28T17:54:11","guid":{"rendered":"http:\/\/agora.xtec.cat\/ceiporlandai\/?p=2648"},"modified":"2019-04-30T11:27:48","modified_gmt":"2019-04-30T09:27:48","slug":"les-families-de-lescola-fan-de-monitors-i-monitores","status":"publish","type":"post","link":"https:\/\/agora.xtec.cat\/ceiporlandai\/afa\/les-families-de-lescola-fan-de-monitors-i-monitores\/","title":{"rendered":"Les fam\u00edlies de l&#8217;escola fan de monitors i monitores"},"content":{"rendered":"<p>La cooperativa d&#8217;iniciativa social Fil a l&#8217;Agulla (http:\/\/filalagulla.org\/) ofereix tallers\u00a0 de sensibilitzaci\u00f3, atenci\u00f3 a la discriminaci\u00f3, facilitaci\u00f3 de grups a les fam\u00edlies, escoles, mestres i monitors entre d&#8217;altres. El passat divendres 26 d&#8217;abril Fil a l&#8217;Agulla va venir a l&#8217;escola i els monitors i les monitores de l&#8217;espai de migdia\u00a0 van participar en el taller &#8220;Formaci\u00f3 en atenci\u00f3 a les din\u00e0miques\u00a0 de discriminaci\u00f3 i bullying&#8221;. Pares i mares volunt\u00e0ries varen venir a fer de monitors i monitores i va ser tot un \u00e8xit!. Aqu\u00ed en teniu una mostra!<\/p>\n<p><a href=\"https:\/\/agora.xtec.cat\/ceiporlandai\/wp-content\/uploads\/usu1785\/2019\/04\/IMG-20190426-WA0022.jpg\"><img loading=\"lazy\" decoding=\"async\" class=\"alignnone size-large wp-image-2650\" src=\"https:\/\/agora.xtec.cat\/ceiporlandai\/wp-content\/uploads\/usu1785\/2019\/04\/IMG-20190426-WA0022-1024x768.jpg\" alt=\"\" width=\"1024\" height=\"768\" srcset=\"https:\/\/agora.xtec.cat\/ceiporlandai\/wp-content\/uploads\/usu1785\/2019\/04\/IMG-20190426-WA0022-1024x768.jpg 1024w, https:\/\/agora.xtec.cat\/ceiporlandai\/wp-content\/uploads\/usu1785\/2019\/04\/IMG-20190426-WA0022-300x225.jpg 300w, https:\/\/agora.xtec.cat\/ceiporlandai\/wp-content\/uploads\/usu1785\/2019\/04\/IMG-20190426-WA0022-768x576.jpg 768w, https:\/\/agora.xtec.cat\/ceiporlandai\/wp-content\/uploads\/usu1785\/2019\/04\/IMG-20190426-WA0022-200x150.jpg 200w, https:\/\/agora.xtec.cat\/ceiporlandai\/wp-content\/uploads\/usu1785\/2019\/04\/IMG-20190426-WA0022.jpg 1600w\" sizes=\"auto, (max-width: 1024px) 100vw, 1024px\" \/><\/a><\/p>\n<p><a href=\"https:\/\/agora.xtec.cat\/ceiporlandai\/wp-content\/uploads\/usu1785\/2019\/04\/IMG-20190426-WA0028.jpg\"><img loading=\"lazy\" decoding=\"async\" class=\"alignnone size-large wp-image-2651\" src=\"https:\/\/agora.xtec.cat\/ceiporlandai\/wp-content\/uploads\/usu1785\/2019\/04\/IMG-20190426-WA0028-1024x768.jpg\" alt=\"\" width=\"1024\" height=\"768\" srcset=\"https:\/\/agora.xtec.cat\/ceiporlandai\/wp-content\/uploads\/usu1785\/2019\/04\/IMG-20190426-WA0028-1024x768.jpg 1024w, https:\/\/agora.xtec.cat\/ceiporlandai\/wp-content\/uploads\/usu1785\/2019\/04\/IMG-20190426-WA0028-300x225.jpg 300w, https:\/\/agora.xtec.cat\/ceiporlandai\/wp-content\/uploads\/usu1785\/2019\/04\/IMG-20190426-WA0028-768x576.jpg 768w, https:\/\/agora.xtec.cat\/ceiporlandai\/wp-content\/uploads\/usu1785\/2019\/04\/IMG-20190426-WA0028-200x150.jpg 200w, https:\/\/agora.xtec.cat\/ceiporlandai\/wp-content\/uploads\/usu1785\/2019\/04\/IMG-20190426-WA0028.jpg 1600w\" sizes=\"auto, (max-width: 1024px) 100vw, 1024px\" \/><\/a><\/p>\n<p><a href=\"https:\/\/agora.xtec.cat\/ceiporlandai\/wp-content\/uploads\/usu1785\/2019\/04\/IMG-20190426-WA0001.jpg\"><img loading=\"lazy\" decoding=\"async\" class=\"alignnone size-large wp-image-2652\" src=\"https:\/\/agora.xtec.cat\/ceiporlandai\/wp-content\/uploads\/usu1785\/2019\/04\/IMG-20190426-WA0001-1024x768.jpg\" alt=\"\" width=\"1024\" height=\"768\" srcset=\"https:\/\/agora.xtec.cat\/ceiporlandai\/wp-content\/uploads\/usu1785\/2019\/04\/IMG-20190426-WA0001-1024x768.jpg 1024w, https:\/\/agora.xtec.cat\/ceiporlandai\/wp-content\/uploads\/usu1785\/2019\/04\/IMG-20190426-WA0001-300x225.jpg 300w, https:\/\/agora.xtec.cat\/ceiporlandai\/wp-content\/uploads\/usu1785\/2019\/04\/IMG-20190426-WA0001-768x576.jpg 768w, https:\/\/agora.xtec.cat\/ceiporlandai\/wp-content\/uploads\/usu1785\/2019\/04\/IMG-20190426-WA0001-200x150.jpg 200w, https:\/\/agora.xtec.cat\/ceiporlandai\/wp-content\/uploads\/usu1785\/2019\/04\/IMG-20190426-WA0001.jpg 1600w\" sizes=\"auto, (max-width: 1024px) 100vw, 1024px\" \/><\/a><\/p>\n<p><a href=\"https:\/\/agora.xtec.cat\/ceiporlandai\/wp-content\/uploads\/usu1785\/2019\/04\/IMG-20190426-WA0013.jpg\"><img loading=\"lazy\" decoding=\"async\" class=\"alignnone size-large wp-image-2653\" src=\"https:\/\/agora.xtec.cat\/ceiporlandai\/wp-content\/uploads\/usu1785\/2019\/04\/IMG-20190426-WA0013-1024x768.jpg\" alt=\"\" width=\"1024\" height=\"768\" srcset=\"https:\/\/agora.xtec.cat\/ceiporlandai\/wp-content\/uploads\/usu1785\/2019\/04\/IMG-20190426-WA0013-1024x768.jpg 1024w, https:\/\/agora.xtec.cat\/ceiporlandai\/wp-content\/uploads\/usu1785\/2019\/04\/IMG-20190426-WA0013-300x225.jpg 300w, https:\/\/agora.xtec.cat\/ceiporlandai\/wp-content\/uploads\/usu1785\/2019\/04\/IMG-20190426-WA0013-768x576.jpg 768w, https:\/\/agora.xtec.cat\/ceiporlandai\/wp-content\/uploads\/usu1785\/2019\/04\/IMG-20190426-WA0013-200x150.jpg 200w, https:\/\/agora.xtec.cat\/ceiporlandai\/wp-content\/uploads\/usu1785\/2019\/04\/IMG-20190426-WA0013.jpg 1600w\" sizes=\"auto, (max-width: 1024px) 100vw, 1024px\" \/><\/a><\/p>\n<p><a href=\"https:\/\/agora.xtec.cat\/ceiporlandai\/wp-content\/uploads\/usu1785\/2019\/04\/IMG-20190426-WA0017.jpg\"><img loading=\"lazy\" decoding=\"async\" class=\"alignnone size-large wp-image-2654\" src=\"https:\/\/agora.xtec.cat\/ceiporlandai\/wp-content\/uploads\/usu1785\/2019\/04\/IMG-20190426-WA0017-1024x768.jpg\" alt=\"\" width=\"1024\" height=\"768\" srcset=\"https:\/\/agora.xtec.cat\/ceiporlandai\/wp-content\/uploads\/usu1785\/2019\/04\/IMG-20190426-WA0017-1024x768.jpg 1024w, https:\/\/agora.xtec.cat\/ceiporlandai\/wp-content\/uploads\/usu1785\/2019\/04\/IMG-20190426-WA0017-300x225.jpg 300w, https:\/\/agora.xtec.cat\/ceiporlandai\/wp-content\/uploads\/usu1785\/2019\/04\/IMG-20190426-WA0017-768x576.jpg 768w, https:\/\/agora.xtec.cat\/ceiporlandai\/wp-content\/uploads\/usu1785\/2019\/04\/IMG-20190426-WA0017-200x150.jpg 200w, https:\/\/agora.xtec.cat\/ceiporlandai\/wp-content\/uploads\/usu1785\/2019\/04\/IMG-20190426-WA0017.jpg 1600w\" sizes=\"auto, (max-width: 1024px) 100vw, 1024px\" \/><\/a><\/p>\n<p><a href=\"https:\/\/agora.xtec.cat\/ceiporlandai\/wp-content\/uploads\/usu1785\/2019\/04\/IMG-20190426-WA0018.jpg\"><img loading=\"lazy\" decoding=\"async\" class=\"alignnone size-large wp-image-2655\" src=\"https:\/\/agora.xtec.cat\/ceiporlandai\/wp-content\/uploads\/usu1785\/2019\/04\/IMG-20190426-WA0018-1024x768.jpg\" alt=\"\" width=\"1024\" height=\"768\" srcset=\"https:\/\/agora.xtec.cat\/ceiporlandai\/wp-content\/uploads\/usu1785\/2019\/04\/IMG-20190426-WA0018-1024x768.jpg 1024w, https:\/\/agora.xtec.cat\/ceiporlandai\/wp-content\/uploads\/usu1785\/2019\/04\/IMG-20190426-WA0018-300x225.jpg 300w, https:\/\/agora.xtec.cat\/ceiporlandai\/wp-content\/uploads\/usu1785\/2019\/04\/IMG-20190426-WA0018-768x576.jpg 768w, https:\/\/agora.xtec.cat\/ceiporlandai\/wp-content\/uploads\/usu1785\/2019\/04\/IMG-20190426-WA0018-200x150.jpg 200w, https:\/\/agora.xtec.cat\/ceiporlandai\/wp-content\/uploads\/usu1785\/2019\/04\/IMG-20190426-WA0018.jpg 1600w\" sizes=\"auto, (max-width: 1024px) 100vw, 1024px\" \/><\/a><\/p>\n<p><a href=\"https:\/\/agora.xtec.cat\/ceiporlandai\/wp-content\/uploads\/usu1785\/2019\/04\/IMG-20190426-WA0021.jpg\"><img loading=\"lazy\" decoding=\"async\" class=\"alignnone size-large wp-image-2656\" src=\"https:\/\/agora.xtec.cat\/ceiporlandai\/wp-content\/uploads\/usu1785\/2019\/04\/IMG-20190426-WA0021-1024x768.jpg\" alt=\"\" width=\"1024\" height=\"768\" srcset=\"https:\/\/agora.xtec.cat\/ceiporlandai\/wp-content\/uploads\/usu1785\/2019\/04\/IMG-20190426-WA0021-1024x768.jpg 1024w, https:\/\/agora.xtec.cat\/ceiporlandai\/wp-content\/uploads\/usu1785\/2019\/04\/IMG-20190426-WA0021-300x225.jpg 300w, https:\/\/agora.xtec.cat\/ceiporlandai\/wp-content\/uploads\/usu1785\/2019\/04\/IMG-20190426-WA0021-768x576.jpg 768w, https:\/\/agora.xtec.cat\/ceiporlandai\/wp-content\/uploads\/usu1785\/2019\/04\/IMG-20190426-WA0021-200x150.jpg 200w, https:\/\/agora.xtec.cat\/ceiporlandai\/wp-content\/uploads\/usu1785\/2019\/04\/IMG-20190426-WA0021.jpg 1600w\" sizes=\"auto, (max-width: 1024px) 100vw, 1024px\" \/><\/a><\/p>\n<p>&nbsp;<\/p>\n","protected":false},"excerpt":{"rendered":"<p>La cooperativa d&#8217;iniciativa social Fil a l&#8217;Agulla (http:\/\/filalagulla.org\/) ofereix tallers\u00a0 de sensibilitzaci\u00f3, atenci\u00f3 a la discriminaci\u00f3, facilitaci\u00f3 de grups a les fam\u00edlies, escoles, mestres i monitors entre d&#8217;altres. El passat divendres 26 d&#8217;abril Fil a l&#8217;Agulla va venir a l&#8217;escola i els monitors i les monitores de l&#8217;espai de migdia\u00a0 van participar en el taller [&hellip;]<\/p>\n","protected":false},"author":29,"featured_media":0,"comment_status":"open","ping_status":"closed","sticky":false,"template":"","format":"standard","meta":{"_bbp_topic_count":0,"_bbp_reply_count":0,"_bbp_total_topic_count":0,"_bbp_total_reply_count":0,"_bbp_voice_count":0,"_bbp_anonymous_reply_count":0,"_bbp_topic_count_hidden":0,"_bbp_reply_count_hidden":0,"_bbp_forum_subforum_count":0,"site-sidebar-layout":"default","site-content-layout":"","ast-site-content-layout":"","site-content-style":"default","site-sidebar-style":"default","ast-global-header-display":"","ast-banner-title-visibility":"","ast-main-header-display":"","ast-hfb-above-header-display":"","ast-hfb-below-header-display":"","ast-hfb-mobile-header-display":"","site-post-title":"","ast-breadcrumbs-content":"","ast-featured-img":"","footer-sml-layout":"","theme-transparent-header-meta":"","adv-header-id-meta":"","stick-header-meta":"","header-above-stick-meta":"","header-main-stick-meta":"","header-below-stick-meta":"","astra-migrate-meta-layouts":"default","ast-page-background-enabled":"default","ast-page-background-meta":{"desktop":{"background-color":"var(--ast-global-color-4)","background-image":"","background-repeat":"repeat","background-position":"center center","background-size":"auto","background-attachment":"scroll","background-type":"","background-media":"","overlay-type":"","overlay-color":"","overlay-opacity":"","overlay-gradient":""},"tablet":{"background-color":"","background-image":"","background-repeat":"repeat","background-position":"center center","background-size":"auto","background-attachment":"scroll","background-type":"","background-media":"","overlay-type":"","overlay-color":"","overlay-opacity":"","overlay-gradient":""},"mobile":{"background-color":"","background-image":"","background-repeat":"repeat","background-position":"center center","background-size":"auto","background-attachment":"scroll","background-type":"","background-media":"","overlay-type":"","overlay-color":"","overlay-opacity":"","overlay-gradient":""}},"ast-content-background-meta":{"desktop":{"background-color":"var(--ast-global-color-5)","background-image":"","background-repeat":"repeat","background-position":"center center","background-size":"auto","background-attachment":"scroll","background-type":"","background-media":"","overlay-type":"","overlay-color":"","overlay-opacity":"","overlay-gradient":""},"tablet":{"background-color":"var(--ast-global-color-5)","background-image":"","background-repeat":"repeat","background-position":"center center","background-size":"auto","background-attachment":"scroll","background-type":"","background-media":"","overlay-type":"","overlay-color":"","overlay-opacity":"","overlay-gradient":""},"mobile":{"background-color":"var(--ast-global-color-5)","background-image":"","background-repeat":"repeat","background-position":"center center","background-size":"auto","background-attachment":"scroll","background-type":"","background-media":"","overlay-type":"","overlay-color":"","overlay-opacity":"","overlay-gradient":""}},"footnotes":""},"categories":[74],"tags":[],"class_list":["post-2648","post","type-post","status-publish","format-standard","hentry","category-afa"],"post_mailing_queue_ids":[],"_links":{"self":[{"href":"https:\/\/agora.xtec.cat\/ceiporlandai\/wp-json\/wp\/v2\/posts\/2648","targetHints":{"allow":["GET"]}}],"collection":[{"href":"https:\/\/agora.xtec.cat\/ceiporlandai\/wp-json\/wp\/v2\/posts"}],"about":[{"href":"https:\/\/agora.xtec.cat\/ceiporlandai\/wp-json\/wp\/v2\/types\/post"}],"author":[{"embeddable":true,"href":"https:\/\/agora.xtec.cat\/ceiporlandai\/wp-json\/wp\/v2\/users\/29"}],"replies":[{"embeddable":true,"href":"https:\/\/agora.xtec.cat\/ceiporlandai\/wp-json\/wp\/v2\/comments?post=2648"}],"version-history":[{"count":3,"href":"https:\/\/agora.xtec.cat\/ceiporlandai\/wp-json\/wp\/v2\/posts\/2648\/revisions"}],"predecessor-version":[{"id":2663,"href":"https:\/\/agora.xtec.cat\/ceiporlandai\/wp-json\/wp\/v2\/posts\/2648\/revisions\/2663"}],"wp:attachment":[{"href":"https:\/\/agora.xtec.cat\/ceiporlandai\/wp-json\/wp\/v2\/media?parent=2648"}],"wp:term":[{"taxonomy":"category","embeddable":true,"href":"https:\/\/agora.xtec.cat\/ceiporlandai\/wp-json\/wp\/v2\/categories?post=2648"},{"taxonomy":"post_tag","embeddable":true,"href":"https:\/\/agora.xtec.cat\/ceiporlandai\/wp-json\/wp\/v2\/tags?post=2648"}],"curies":[{"name":"wp","href":"https:\/\/api.w.org\/{rel}","templated":true}]}}