{"id":814,"date":"2021-11-09T22:04:05","date_gmt":"2021-11-09T21:04:05","guid":{"rendered":"https:\/\/agora.xtec.cat\/ceipnarcismonturiol\/?p=814"},"modified":"2021-11-09T22:06:45","modified_gmt":"2021-11-09T21:06:45","slug":"vols-participar-activament-de-la-vida-del-centre","status":"publish","type":"post","link":"https:\/\/agora.xtec.cat\/ceipnarcismonturiol\/general\/vols-participar-activament-de-la-vida-del-centre\/","title":{"rendered":"Vols participar activament de la vida del centre?"},"content":{"rendered":"<p style=\"font-weight: 400;\"><a href=\"https:\/\/agora.xtec.cat\/ceipnarcismonturiol\/wp-content\/uploads\/usu821\/2021\/11\/presentacio-candidatura-pares-i-mares.png\"><img loading=\"lazy\" decoding=\"async\" class=\"alignnone size-full wp-image-815\" src=\"https:\/\/agora.xtec.cat\/ceipnarcismonturiol\/wp-content\/uploads\/usu821\/2021\/11\/presentacio-candidatura-pares-i-mares.png\" alt=\"\" width=\"1080\" height=\"1080\" srcset=\"https:\/\/agora.xtec.cat\/ceipnarcismonturiol\/wp-content\/uploads\/usu821\/2021\/11\/presentacio-candidatura-pares-i-mares.png 1080w, https:\/\/agora.xtec.cat\/ceipnarcismonturiol\/wp-content\/uploads\/usu821\/2021\/11\/presentacio-candidatura-pares-i-mares-300x300.png 300w, https:\/\/agora.xtec.cat\/ceipnarcismonturiol\/wp-content\/uploads\/usu821\/2021\/11\/presentacio-candidatura-pares-i-mares-1024x1024.png 1024w, https:\/\/agora.xtec.cat\/ceipnarcismonturiol\/wp-content\/uploads\/usu821\/2021\/11\/presentacio-candidatura-pares-i-mares-150x150.png 150w, https:\/\/agora.xtec.cat\/ceipnarcismonturiol\/wp-content\/uploads\/usu821\/2021\/11\/presentacio-candidatura-pares-i-mares-768x768.png 768w\" sizes=\"auto, (max-width: 1080px) 100vw, 1080px\" \/><\/a>Benvolguts i benvolgudes,<\/p>\n<p style=\"font-weight: 400;\">Si esteu interessats\/des en participar de la vida del centre d\u2019una manera activa i ajudar a millorar l\u2019escola del present i del futur, podeu presentar candidatura per a esdevenir representants dels pares, mares i tutors d\u2019alumnes.<\/p>\n<p style=\"font-weight: 400;\">Us recordem que les mares i\/o pares que vulgueu\u00a0<strong><u>presentar la vostra candidatura<\/u><\/strong>\u00a0per formar part del Consell Escolar del centre podeu fer-ho omplint el full corresponent. Caldr\u00e0 que presenteu aquest document a direcci\u00f3, juntament amb el vostre DNI o NIE i una fotografia de carnet. Per a qualsevol aclariment o per a m\u00e9s informaci\u00f3, no dubteu a contactar amb nosaltres.<\/p>\n<p style=\"font-weight: 400;\">El termini m\u00e0xim per a presentar la candidatura \u00e9s el proper\u00a0<strong><u>divendres 12 de novembre<\/u><\/strong>.<\/p>\n<p style=\"font-weight: 400;\">Us recordem tamb\u00e9 que en cas que no es presenti ning\u00fa tots els pares i mares del centre podeu ser votats\/des.<\/p>\n<p style=\"font-weight: 400;\">Us animem a tots i totes a participar!<\/p>\n<p style=\"font-weight: 400;\">Moltes gr\u00e0cies,<\/p>\n<p style=\"font-weight: 400;\">La Direcci\u00f3.<\/p>\n","protected":false},"excerpt":{"rendered":"<p><a href=\"https:\/\/agora.xtec.cat\/ceipnarcismonturiol\/wp-content\/uploads\/usu821\/2021\/11\/presentacio-candidatura-pares-i-mares.png\"><\/a>Benvolguts i benvolgudes,<br \/>\nSi esteu interessats\/des en participar de la vida del centre d\u2019una manera activa i ajudar a millorar l\u2019escola del present i del futur, podeu presentar candidatura per a esdevenir representants dels pares, mares i tutors d\u2019alumnes.<br \/>\nUs recordem que les mares i\/o pares&hellip;  <a href=\"https:\/\/agora.xtec.cat\/ceipnarcismonturiol\/general\/vols-participar-activament-de-la-vida-del-centre\/\" title=\"Read Vols participar activament de la vida del centre?\">Llegeix m\u00e9s\u00bb<\/a><\/p>\n","protected":false},"author":1,"featured_media":815,"comment_status":"open","ping_status":"closed","sticky":false,"template":"","format":"standard","meta":{"_bbp_topic_count":0,"_bbp_reply_count":0,"_bbp_total_topic_count":0,"_bbp_total_reply_count":0,"_bbp_voice_count":0,"_bbp_anonymous_reply_count":0,"_bbp_topic_count_hidden":0,"_bbp_reply_count_hidden":0,"_bbp_forum_subforum_count":0,"footnotes":""},"categories":[7,1,4],"tags":[],"class_list":["post-814","post","type-post","status-publish","format-standard","has-post-thumbnail","hentry","category-afa","category-general","category-portada"],"post_mailing_queue_ids":[],"_links":{"self":[{"href":"https:\/\/agora.xtec.cat\/ceipnarcismonturiol\/wp-json\/wp\/v2\/posts\/814","targetHints":{"allow":["GET"]}}],"collection":[{"href":"https:\/\/agora.xtec.cat\/ceipnarcismonturiol\/wp-json\/wp\/v2\/posts"}],"about":[{"href":"https:\/\/agora.xtec.cat\/ceipnarcismonturiol\/wp-json\/wp\/v2\/types\/post"}],"author":[{"embeddable":true,"href":"https:\/\/agora.xtec.cat\/ceipnarcismonturiol\/wp-json\/wp\/v2\/users\/1"}],"replies":[{"embeddable":true,"href":"https:\/\/agora.xtec.cat\/ceipnarcismonturiol\/wp-json\/wp\/v2\/comments?post=814"}],"version-history":[{"count":3,"href":"https:\/\/agora.xtec.cat\/ceipnarcismonturiol\/wp-json\/wp\/v2\/posts\/814\/revisions"}],"predecessor-version":[{"id":818,"href":"https:\/\/agora.xtec.cat\/ceipnarcismonturiol\/wp-json\/wp\/v2\/posts\/814\/revisions\/818"}],"wp:featuredmedia":[{"embeddable":true,"href":"https:\/\/agora.xtec.cat\/ceipnarcismonturiol\/wp-json\/wp\/v2\/media\/815"}],"wp:attachment":[{"href":"https:\/\/agora.xtec.cat\/ceipnarcismonturiol\/wp-json\/wp\/v2\/media?parent=814"}],"wp:term":[{"taxonomy":"category","embeddable":true,"href":"https:\/\/agora.xtec.cat\/ceipnarcismonturiol\/wp-json\/wp\/v2\/categories?post=814"},{"taxonomy":"post_tag","embeddable":true,"href":"https:\/\/agora.xtec.cat\/ceipnarcismonturiol\/wp-json\/wp\/v2\/tags?post=814"}],"curies":[{"name":"wp","href":"https:\/\/api.w.org\/{rel}","templated":true}]}}