{"id":809,"date":"2021-11-05T17:40:37","date_gmt":"2021-11-05T16:40:37","guid":{"rendered":"https:\/\/agora.xtec.cat\/ceipnarcismonturiol\/?p=809"},"modified":"2021-11-05T17:42:45","modified_gmt":"2021-11-05T16:42:45","slug":"resum-de-la-informacio-del-proces-electoral-al-consell-escolar","status":"publish","type":"post","link":"https:\/\/agora.xtec.cat\/ceipnarcismonturiol\/general\/resum-de-la-informacio-del-proces-electoral-al-consell-escolar\/","title":{"rendered":"Resum de la informaci\u00f3 del proc\u00e9s electoral al Consell Escolar"},"content":{"rendered":"<p>Benvolgudes fam\u00edlies,<\/p>\n<p>Aqu\u00ed teniu un resum de la informaci\u00f3 del proc\u00e9s electoral al Consell Escolar de centre i el document de presentaci\u00f3 de candidatura per a la renovaci\u00f3 parcial del Consell Escolar.<\/p>\n<p>Per a poder presentar la vostra candidatura ens heu de fer arribar aquest document degudament omplert, juntament amb una c\u00f2pia del vostre DNI o NIE i una fotografia de carnet vostra.<\/p>\n<p>La vostra participaci\u00f3 \u00e9s molt important!<\/p>\n<p>Moltes gr\u00e0cies<\/p>\n<p><a href=\"https:\/\/agora.xtec.cat\/ceipnarcismonturiol\/wp-content\/uploads\/usu821\/2021\/11\/Informparesimares2021.pdf\">Informaci\u00f3 del proc\u00e9s electoral al Consell Escolar<\/a><\/p>\n<p><a href=\"https:\/\/agora.xtec.cat\/ceipnarcismonturiol\/wp-content\/uploads\/usu821\/2021\/11\/Presentacio-canidatura-Escola-Narcis-Monturiol.pdf\">Presentaci\u00f3 candidatura Escola Narc\u00eds Monturiol<\/a><\/p>\n<div>Per m\u00e9s informaci\u00f3 sobre el Consell Escolar, cliqueu al seg\u00fcent enlla\u00e7:<\/div>\n<div><\/div>\n<p><a href=\"https:\/\/agora.xtec.cat\/ceipnarcismonturiol\/consell-escolar\/\">\u2013 Consell escolar<\/a><\/p>\n","protected":false},"excerpt":{"rendered":"<p>Benvolgudes fam\u00edlies,<br \/>\nAqu\u00ed teniu un resum de la informaci\u00f3 del proc\u00e9s electoral al Consell Escolar de centre i el document de presentaci\u00f3 de candidatura per a la renovaci\u00f3 parcial del Consell Escolar.<br \/>\nPer a poder presentar la vostra candidatura ens heu de fer arribar aquest document degudament&hellip;  <a href=\"https:\/\/agora.xtec.cat\/ceipnarcismonturiol\/general\/resum-de-la-informacio-del-proces-electoral-al-consell-escolar\/\" title=\"Read Resum de la informaci\u00f3 del proc\u00e9s electoral al Consell Escolar\">Llegeix m\u00e9s\u00bb<\/a><\/p>\n","protected":false},"author":1,"featured_media":798,"comment_status":"open","ping_status":"closed","sticky":false,"template":"","format":"standard","meta":{"_bbp_topic_count":0,"_bbp_reply_count":0,"_bbp_total_topic_count":0,"_bbp_total_reply_count":0,"_bbp_voice_count":0,"_bbp_anonymous_reply_count":0,"_bbp_topic_count_hidden":0,"_bbp_reply_count_hidden":0,"_bbp_forum_subforum_count":0,"footnotes":""},"categories":[7,1,4],"tags":[],"class_list":["post-809","post","type-post","status-publish","format-standard","has-post-thumbnail","hentry","category-afa","category-general","category-portada"],"post_mailing_queue_ids":[],"_links":{"self":[{"href":"https:\/\/agora.xtec.cat\/ceipnarcismonturiol\/wp-json\/wp\/v2\/posts\/809","targetHints":{"allow":["GET"]}}],"collection":[{"href":"https:\/\/agora.xtec.cat\/ceipnarcismonturiol\/wp-json\/wp\/v2\/posts"}],"about":[{"href":"https:\/\/agora.xtec.cat\/ceipnarcismonturiol\/wp-json\/wp\/v2\/types\/post"}],"author":[{"embeddable":true,"href":"https:\/\/agora.xtec.cat\/ceipnarcismonturiol\/wp-json\/wp\/v2\/users\/1"}],"replies":[{"embeddable":true,"href":"https:\/\/agora.xtec.cat\/ceipnarcismonturiol\/wp-json\/wp\/v2\/comments?post=809"}],"version-history":[{"count":2,"href":"https:\/\/agora.xtec.cat\/ceipnarcismonturiol\/wp-json\/wp\/v2\/posts\/809\/revisions"}],"predecessor-version":[{"id":813,"href":"https:\/\/agora.xtec.cat\/ceipnarcismonturiol\/wp-json\/wp\/v2\/posts\/809\/revisions\/813"}],"wp:featuredmedia":[{"embeddable":true,"href":"https:\/\/agora.xtec.cat\/ceipnarcismonturiol\/wp-json\/wp\/v2\/media\/798"}],"wp:attachment":[{"href":"https:\/\/agora.xtec.cat\/ceipnarcismonturiol\/wp-json\/wp\/v2\/media?parent=809"}],"wp:term":[{"taxonomy":"category","embeddable":true,"href":"https:\/\/agora.xtec.cat\/ceipnarcismonturiol\/wp-json\/wp\/v2\/categories?post=809"},{"taxonomy":"post_tag","embeddable":true,"href":"https:\/\/agora.xtec.cat\/ceipnarcismonturiol\/wp-json\/wp\/v2\/tags?post=809"}],"curies":[{"name":"wp","href":"https:\/\/api.w.org\/{rel}","templated":true}]}}