{"id":804,"date":"2021-11-02T11:23:12","date_gmt":"2021-11-02T10:23:12","guid":{"rendered":"https:\/\/agora.xtec.cat\/ceipnarcismonturiol\/?p=804"},"modified":"2021-11-02T11:24:33","modified_gmt":"2021-11-02T10:24:33","slug":"eleccions-al-consell-escolar-2021","status":"publish","type":"post","link":"https:\/\/agora.xtec.cat\/ceipnarcismonturiol\/general\/eleccions-al-consell-escolar-2021\/","title":{"rendered":"Eleccions al Consell Escolar 2021"},"content":{"rendered":"<div>Benvolgudes fam\u00edlies,<\/div>\n<div><\/div>\n<div><\/div>\n<div>Comen\u00e7a el proc\u00e9s electoral pel Consell Escolar 2021, tota la informaci\u00f3 que necessiteu la trobareu al seg\u00fcent enlla\u00e7:<\/div>\n<div><\/div>\n<p><a href=\"https:\/\/agora.xtec.cat\/ceipnarcismonturiol\/consell-escolar\/\">&#8211; Consell escolar<\/a><\/p>\n<p>Per qualsevol dubte o aclaraci\u00f3 podeu contactar amb nosaltres al correu <a href=\"b7003136@xtec.cat\">b7003136<\/a><span class=\"\">@xtec.cat o trucant al 972 25 62 67.<\/span><\/p>\n<p>Moltes gr\u00e0cies.<\/p>\n","protected":false},"excerpt":{"rendered":"<p>Benvolgudes fam\u00edlies,<\/p>\n<p>Comen\u00e7a el proc\u00e9s electoral pel Consell Escolar 2021, tota la informaci\u00f3 que necessiteu la trobareu al seg\u00fcent enlla\u00e7:<\/p>\n<p><a href=\"https:\/\/agora.xtec.cat\/ceipnarcismonturiol\/consell-escolar\/\">&#8211; Consell escolar<\/a><br \/>\nPer qualsevol dubte o aclaraci\u00f3 podeu contactar amb nosaltres al correu <a href=\"b7003136@xtec.cat\">b7003136<\/a>@xtec.cat o trucant al 972 25 62 67.<br \/>\nMoltes gr\u00e0cies.<\/p>\n","protected":false},"author":1,"featured_media":798,"comment_status":"open","ping_status":"closed","sticky":false,"template":"","format":"standard","meta":{"_bbp_topic_count":0,"_bbp_reply_count":0,"_bbp_total_topic_count":0,"_bbp_total_reply_count":0,"_bbp_voice_count":0,"_bbp_anonymous_reply_count":0,"_bbp_topic_count_hidden":0,"_bbp_reply_count_hidden":0,"_bbp_forum_subforum_count":0,"footnotes":""},"categories":[7,1,4],"tags":[],"class_list":["post-804","post","type-post","status-publish","format-standard","has-post-thumbnail","hentry","category-afa","category-general","category-portada"],"post_mailing_queue_ids":[],"_links":{"self":[{"href":"https:\/\/agora.xtec.cat\/ceipnarcismonturiol\/wp-json\/wp\/v2\/posts\/804","targetHints":{"allow":["GET"]}}],"collection":[{"href":"https:\/\/agora.xtec.cat\/ceipnarcismonturiol\/wp-json\/wp\/v2\/posts"}],"about":[{"href":"https:\/\/agora.xtec.cat\/ceipnarcismonturiol\/wp-json\/wp\/v2\/types\/post"}],"author":[{"embeddable":true,"href":"https:\/\/agora.xtec.cat\/ceipnarcismonturiol\/wp-json\/wp\/v2\/users\/1"}],"replies":[{"embeddable":true,"href":"https:\/\/agora.xtec.cat\/ceipnarcismonturiol\/wp-json\/wp\/v2\/comments?post=804"}],"version-history":[{"count":3,"href":"https:\/\/agora.xtec.cat\/ceipnarcismonturiol\/wp-json\/wp\/v2\/posts\/804\/revisions"}],"predecessor-version":[{"id":808,"href":"https:\/\/agora.xtec.cat\/ceipnarcismonturiol\/wp-json\/wp\/v2\/posts\/804\/revisions\/808"}],"wp:featuredmedia":[{"embeddable":true,"href":"https:\/\/agora.xtec.cat\/ceipnarcismonturiol\/wp-json\/wp\/v2\/media\/798"}],"wp:attachment":[{"href":"https:\/\/agora.xtec.cat\/ceipnarcismonturiol\/wp-json\/wp\/v2\/media?parent=804"}],"wp:term":[{"taxonomy":"category","embeddable":true,"href":"https:\/\/agora.xtec.cat\/ceipnarcismonturiol\/wp-json\/wp\/v2\/categories?post=804"},{"taxonomy":"post_tag","embeddable":true,"href":"https:\/\/agora.xtec.cat\/ceipnarcismonturiol\/wp-json\/wp\/v2\/tags?post=804"}],"curies":[{"name":"wp","href":"https:\/\/api.w.org\/{rel}","templated":true}]}}