{"id":653,"date":"2020-12-21T11:20:19","date_gmt":"2020-12-21T10:20:19","guid":{"rendered":"https:\/\/agora.xtec.cat\/ceipnarcismonturiol\/?p=653"},"modified":"2020-12-21T11:20:55","modified_gmt":"2020-12-21T10:20:55","slug":"la-marato-de-tv3","status":"publish","type":"post","link":"https:\/\/agora.xtec.cat\/ceipnarcismonturiol\/general\/la-marato-de-tv3\/","title":{"rendered":"La Marat\u00f3 de TV3"},"content":{"rendered":"<p>Benvolgudes fam\u00edlies,<\/p>\n<p>Volem agra\u00efr a tothom haver pogut col.laborar un any m\u00e9s amb la @lamaratotv3<br \/>\nMolt\u00edssimes gr\u00e0cies un cop m\u00e9s.<\/p>\n<p><a href=\"https:\/\/agora.xtec.cat\/ceipnarcismonturiol\/wp-content\/uploads\/usu821\/2020\/12\/CARTELL-RECAPTACI\u00d3-2020.pdf\">CARTELL RECAPTACI\u00d3 2020<\/a><\/p>\n<p>#lamarat\u00f3tv3 #covid_19 #solidaritat #moltesgr\u00e0cies #TocaATothom<a href=\"https:\/\/agora.xtec.cat\/ceipnarcismonturiol\/wp-content\/uploads\/usu821\/2020\/12\/CARTELL-RECAPTACI\u00d3-2020.jpg\"><img loading=\"lazy\" decoding=\"async\" class=\"alignnone wp-image-654\" src=\"https:\/\/agora.xtec.cat\/ceipnarcismonturiol\/wp-content\/uploads\/usu821\/2020\/12\/CARTELL-RECAPTACI\u00d3-2020.jpg\" alt=\"\" width=\"500\" height=\"707\" srcset=\"https:\/\/agora.xtec.cat\/ceipnarcismonturiol\/wp-content\/uploads\/usu821\/2020\/12\/CARTELL-RECAPTACI\u00d3-2020.jpg 2480w, https:\/\/agora.xtec.cat\/ceipnarcismonturiol\/wp-content\/uploads\/usu821\/2020\/12\/CARTELL-RECAPTACI\u00d3-2020-212x300.jpg 212w, https:\/\/agora.xtec.cat\/ceipnarcismonturiol\/wp-content\/uploads\/usu821\/2020\/12\/CARTELL-RECAPTACI\u00d3-2020-768x1086.jpg 768w, https:\/\/agora.xtec.cat\/ceipnarcismonturiol\/wp-content\/uploads\/usu821\/2020\/12\/CARTELL-RECAPTACI\u00d3-2020-724x1024.jpg 724w\" sizes=\"auto, (max-width: 500px) 100vw, 500px\" \/><\/a><\/p>\n","protected":false},"excerpt":{"rendered":"<p>Benvolgudes fam\u00edlies,<br \/>\nVolem agra\u00efr a tothom haver pogut col.laborar un any m\u00e9s amb la @lamaratotv3<br \/>\nMolt\u00edssimes gr\u00e0cies un cop m\u00e9s.<br \/>\n<a href=\"https:\/\/agora.xtec.cat\/ceipnarcismonturiol\/wp-content\/uploads\/usu821\/2020\/12\/CARTELL-RECAPTACI\u00d3-2020.pdf\">CARTELL RECAPTACI\u00d3 2020<\/a><br \/>\n#lamarat\u00f3tv3 #covid_19 #solidaritat #moltesgr\u00e0cies #TocaATothom<a href=\"https:\/\/agora.xtec.cat\/ceipnarcismonturiol\/wp-content\/uploads\/usu821\/2020\/12\/CARTELL-RECAPTACI\u00d3-2020.jpg\"><\/a><\/p>\n","protected":false},"author":1,"featured_media":654,"comment_status":"open","ping_status":"closed","sticky":false,"template":"","format":"standard","meta":{"_bbp_topic_count":0,"_bbp_reply_count":0,"_bbp_total_topic_count":0,"_bbp_total_reply_count":0,"_bbp_voice_count":0,"_bbp_anonymous_reply_count":0,"_bbp_topic_count_hidden":0,"_bbp_reply_count_hidden":0,"_bbp_forum_subforum_count":0,"footnotes":""},"categories":[7,1,4],"tags":[],"class_list":["post-653","post","type-post","status-publish","format-standard","has-post-thumbnail","hentry","category-afa","category-general","category-portada"],"post_mailing_queue_ids":[],"_links":{"self":[{"href":"https:\/\/agora.xtec.cat\/ceipnarcismonturiol\/wp-json\/wp\/v2\/posts\/653","targetHints":{"allow":["GET"]}}],"collection":[{"href":"https:\/\/agora.xtec.cat\/ceipnarcismonturiol\/wp-json\/wp\/v2\/posts"}],"about":[{"href":"https:\/\/agora.xtec.cat\/ceipnarcismonturiol\/wp-json\/wp\/v2\/types\/post"}],"author":[{"embeddable":true,"href":"https:\/\/agora.xtec.cat\/ceipnarcismonturiol\/wp-json\/wp\/v2\/users\/1"}],"replies":[{"embeddable":true,"href":"https:\/\/agora.xtec.cat\/ceipnarcismonturiol\/wp-json\/wp\/v2\/comments?post=653"}],"version-history":[{"count":1,"href":"https:\/\/agora.xtec.cat\/ceipnarcismonturiol\/wp-json\/wp\/v2\/posts\/653\/revisions"}],"predecessor-version":[{"id":656,"href":"https:\/\/agora.xtec.cat\/ceipnarcismonturiol\/wp-json\/wp\/v2\/posts\/653\/revisions\/656"}],"wp:featuredmedia":[{"embeddable":true,"href":"https:\/\/agora.xtec.cat\/ceipnarcismonturiol\/wp-json\/wp\/v2\/media\/654"}],"wp:attachment":[{"href":"https:\/\/agora.xtec.cat\/ceipnarcismonturiol\/wp-json\/wp\/v2\/media?parent=653"}],"wp:term":[{"taxonomy":"category","embeddable":true,"href":"https:\/\/agora.xtec.cat\/ceipnarcismonturiol\/wp-json\/wp\/v2\/categories?post=653"},{"taxonomy":"post_tag","embeddable":true,"href":"https:\/\/agora.xtec.cat\/ceipnarcismonturiol\/wp-json\/wp\/v2\/tags?post=653"}],"curies":[{"name":"wp","href":"https:\/\/api.w.org\/{rel}","templated":true}]}}