{"id":650,"date":"2020-12-18T22:41:48","date_gmt":"2020-12-18T21:41:48","guid":{"rendered":"https:\/\/agora.xtec.cat\/ceipnarcismonturiol\/?p=650"},"modified":"2020-12-18T22:42:01","modified_gmt":"2020-12-18T21:42:01","slug":"jornada-lectiva-dilluns-21-de-desembre","status":"publish","type":"post","link":"https:\/\/agora.xtec.cat\/ceipnarcismonturiol\/general\/jornada-lectiva-dilluns-21-de-desembre\/","title":{"rendered":"Jornada lectiva dilluns 21 de desembre"},"content":{"rendered":"<p>Benvolgudes fam\u00edlies<\/p>\n<p>Us recordem que el proper\u00a0<strong><u>dilluns 21 de desembre<\/u><\/strong>\u00a0la jornada lectiva ser\u00e0 d\u2019<strong>horari intensiu\u00a0<\/strong>nom\u00e9s de mat\u00ed -no hi haur\u00e0 classe a la tarda-.<\/p>\n<ul>\n<li><u>Educaci\u00f3 infantil<\/u>: de 8.50 h a 12.50 h<\/li>\n<li><u>Educaci\u00f3 Prim\u00e0ria<\/u>: de 9 h a 13 h<\/li>\n<\/ul>\n<p>Hi haur\u00e0\u00a0<strong>servei de\u00a0<u>menjador\u00a0<\/u>de 13h a 15h<\/strong>. Els i les alumnes que es quedin a dinar a l\u2019escola\u00a0<strong><u>sortiran a les 15h<\/u><\/strong>.<\/p>\n<p>El\u00a0<strong><u>transport escolar<\/u><\/strong>\u00a0marxar\u00e0 de l&#8217;escola\u00a0<strong><u>a les 13h<\/u><\/strong>.<\/p>\n<p>Us comuniquem que, segons ha indicat el Departament d\u2019Educaci\u00f3,\u00a0<strong><u>el segon trimestre comen\u00e7ar\u00e0 el dilluns 11 de gener de 2021<\/u><\/strong>.<\/p>\n<p>Moltes gr\u00e0cies i bones festes!<\/p>\n<p>La direcci\u00f3 del Centre<\/p>\n","protected":false},"excerpt":{"rendered":"<p>Benvolgudes fam\u00edlies<br \/>\nUs recordem que el proper\u00a0dilluns 21 de desembre\u00a0la jornada lectiva ser\u00e0 d\u2019horari intensiu\u00a0nom\u00e9s de mat\u00ed -no hi haur\u00e0 classe a la tarda-.<\/p>\n<ul>\n<li>Educaci\u00f3 infantil: de 8.50 h a 12.50 h<\/li>\n<li>Educaci\u00f3 Prim\u00e0ria: de 9 h a 13 h<\/li>\n<\/ul>\n<p>Hi haur\u00e0\u00a0servei de\u00a0menjador\u00a0de 13h a 15h. Els i les&hellip;  <a href=\"https:\/\/agora.xtec.cat\/ceipnarcismonturiol\/general\/jornada-lectiva-dilluns-21-de-desembre\/\" title=\"Read Jornada lectiva dilluns 21 de desembre\">Llegeix m\u00e9s\u00bb<\/a><\/p>\n","protected":false},"author":1,"featured_media":651,"comment_status":"open","ping_status":"closed","sticky":false,"template":"","format":"standard","meta":{"_bbp_topic_count":0,"_bbp_reply_count":0,"_bbp_total_topic_count":0,"_bbp_total_reply_count":0,"_bbp_voice_count":0,"_bbp_anonymous_reply_count":0,"_bbp_topic_count_hidden":0,"_bbp_reply_count_hidden":0,"_bbp_forum_subforum_count":0,"footnotes":""},"categories":[7,1,4],"tags":[],"class_list":["post-650","post","type-post","status-publish","format-standard","has-post-thumbnail","hentry","category-afa","category-general","category-portada"],"post_mailing_queue_ids":[],"_links":{"self":[{"href":"https:\/\/agora.xtec.cat\/ceipnarcismonturiol\/wp-json\/wp\/v2\/posts\/650","targetHints":{"allow":["GET"]}}],"collection":[{"href":"https:\/\/agora.xtec.cat\/ceipnarcismonturiol\/wp-json\/wp\/v2\/posts"}],"about":[{"href":"https:\/\/agora.xtec.cat\/ceipnarcismonturiol\/wp-json\/wp\/v2\/types\/post"}],"author":[{"embeddable":true,"href":"https:\/\/agora.xtec.cat\/ceipnarcismonturiol\/wp-json\/wp\/v2\/users\/1"}],"replies":[{"embeddable":true,"href":"https:\/\/agora.xtec.cat\/ceipnarcismonturiol\/wp-json\/wp\/v2\/comments?post=650"}],"version-history":[{"count":1,"href":"https:\/\/agora.xtec.cat\/ceipnarcismonturiol\/wp-json\/wp\/v2\/posts\/650\/revisions"}],"predecessor-version":[{"id":652,"href":"https:\/\/agora.xtec.cat\/ceipnarcismonturiol\/wp-json\/wp\/v2\/posts\/650\/revisions\/652"}],"wp:featuredmedia":[{"embeddable":true,"href":"https:\/\/agora.xtec.cat\/ceipnarcismonturiol\/wp-json\/wp\/v2\/media\/651"}],"wp:attachment":[{"href":"https:\/\/agora.xtec.cat\/ceipnarcismonturiol\/wp-json\/wp\/v2\/media?parent=650"}],"wp:term":[{"taxonomy":"category","embeddable":true,"href":"https:\/\/agora.xtec.cat\/ceipnarcismonturiol\/wp-json\/wp\/v2\/categories?post=650"},{"taxonomy":"post_tag","embeddable":true,"href":"https:\/\/agora.xtec.cat\/ceipnarcismonturiol\/wp-json\/wp\/v2\/tags?post=650"}],"curies":[{"name":"wp","href":"https:\/\/api.w.org\/{rel}","templated":true}]}}