{"id":631,"date":"2020-10-22T22:50:02","date_gmt":"2020-10-22T20:50:02","guid":{"rendered":"https:\/\/agora.xtec.cat\/ceipnarcismonturiol\/?p=631"},"modified":"2020-10-22T22:52:02","modified_gmt":"2020-10-22T20:52:02","slug":"informacio-important-relativa-als-pcr","status":"publish","type":"post","link":"https:\/\/agora.xtec.cat\/ceipnarcismonturiol\/general\/informacio-important-relativa-als-pcr\/","title":{"rendered":"Informaci\u00f3 important relativa als PCR"},"content":{"rendered":"<p><a href=\"https:\/\/agora.xtec.cat\/ceipnarcismonturiol\/wp-content\/uploads\/usu821\/2020\/10\/pcr.jpg\"><img loading=\"lazy\" decoding=\"async\" class=\"wp-image-632 aligncenter\" src=\"https:\/\/agora.xtec.cat\/ceipnarcismonturiol\/wp-content\/uploads\/usu821\/2020\/10\/pcr.jpg\" alt=\"\" width=\"395\" height=\"263\" srcset=\"https:\/\/agora.xtec.cat\/ceipnarcismonturiol\/wp-content\/uploads\/usu821\/2020\/10\/pcr.jpg 2560w, https:\/\/agora.xtec.cat\/ceipnarcismonturiol\/wp-content\/uploads\/usu821\/2020\/10\/pcr-300x200.jpg 300w, https:\/\/agora.xtec.cat\/ceipnarcismonturiol\/wp-content\/uploads\/usu821\/2020\/10\/pcr-768x512.jpg 768w, https:\/\/agora.xtec.cat\/ceipnarcismonturiol\/wp-content\/uploads\/usu821\/2020\/10\/pcr-1024x683.jpg 1024w\" sizes=\"auto, (max-width: 395px) 100vw, 395px\" \/><\/a><\/p>\n<p>Benvolgudes fam\u00edlies,<\/p>\n<p>Durant aquests dies ja han comen\u00e7at els refredats, per tant molts alumnes quan han anat al CAP s\u2019han hagut de fer la prova PCR per tal de poder descartar el COVID-19.<\/p>\n<p><strong>Qu\u00e8 s\u2019ha de fer si a un alumne li han de fer una prova PCR:<\/strong><\/p>\n<ul>\n<li>Cal trucar a l\u2019escola i avisar en quin moment li faran la prova.<\/li>\n<li>Mentre no se saps el resultat aquest\/a alumne\/a no pot assistir a l\u2019escola.<\/li>\n<li>Quan se sap el resultat cal que ens informeu, tant si \u00e9s negatiu com positiu.<\/li>\n<\/ul>\n<p>\u00c9s molt important que ens comuniqueu aquesta informaci\u00f3 perqu\u00e8 des de l\u2019escola l\u2019hem d\u2019introduir a l\u2019aplicaci\u00f3 del Tra\u00e7acovid.<\/p>\n<p>Si \u00e9s un familiar o un contacte directe que \u00e9s positiu i l\u2019alumne s\u2019ha de quedar confinat a casa, salut \u00e9s qui informa a la fam\u00edlia:<\/p>\n<ul>\n<li>Cal avisar sempre a l\u2019escola.<\/li>\n<\/ul>\n<p>Per comunicar-ho a l\u2019escola ho podeu fer:<\/p>\n<ul>\n<li>Enviant un correu electr\u00f2nic a <a href=\"mailto:b7003136@xtec.cat\">b7003136@xtec.cat\u00a0<\/a><\/li>\n<li>O trucant al tel\u00e8fon de l\u2019escola: 972 25 62 67<\/li>\n<\/ul>\n<p>Si el resultat de la prova \u00e9s negatiu salut no avisa a l\u2019escola, per tant \u00e9s molt important que ho feu vosaltres. Us demanem, per tant, que informeu a l\u2019escola sobre el resultat de la PCR quan el sapigueu.<\/p>\n<p>En cas de confinament tamb\u00e9 cal avisar quan es comen\u00e7a i quan s\u2019acaba.<\/p>\n<p><strong>MASCARETA<\/strong><\/p>\n<p>L\u2019altra not\u00edcia a destacar \u00e9s que de moment els\/les alumnes de prim\u00e0ria han de continuar portant tots mascareta mentre estiguin a l\u2019escola.<\/p>\n<p><strong>ACLARIMENT \u2013 QUAN PODEN VENIR A L\u2019ESCOLA EN CAS DE PROVA PCR A UN\/A GERM\u00c0\/NA<\/strong><\/p>\n<ul>\n<li>Els germans d\u2019alumnes que estiguin a l\u2019espera del resultat d\u2019una PCR perqu\u00e8 tenen s\u00edmptomes (cas sospit\u00f3s), s\u2019han de quedar a casa fins tenir el resultat negatiu. (Si el germ\u00e0 no es troba b\u00e9)<\/li>\n<li>Els germans d\u2019alumnes que estiguin a l\u2019espera del resultat d\u2019una PCR per contacte estret poden venir a l\u2019escola. (Si el germ\u00e0 es troba b\u00e9, i nom\u00e9s ha sigut un contacte d\u2019un positiu).<\/li>\n<\/ul>\n<p>Tal com descriu el &#8220;Protocol de gesti\u00f3 de casos als centres educatius&#8221;, i que est\u00e0 en cont\u00ednua revisi\u00f3, un <strong>cas sospit\u00f3s<\/strong> (aquell que t\u00e9 simptomatologia i a qui se li ha demanat una PCR) ha de fer <strong>a\u00efllament domiciliari<\/strong>, mentre est\u00e0 a l&#8217;espera del resultat de la prova. Tamb\u00e9 han de <strong>quedar-se a casa escolars o convivents<\/strong> que treballin en un centre educatiu.<\/p>\n<p>Cal destacar que els convivents o contactes habituals de persones que hagin estat identificades com a <strong>contactes<\/strong> <strong>estrets<\/strong> (aquell que ha estat en contacte amb un positiu confirmat) no han de seguir cap mesura especial. \u00c9s a dir, els germans o germanes d&#8217;alumnes que estiguin fent quarantenes, poden assistir a classe amb normalitat.<\/p>\n<p><strong>RESUM DELS CASOS EN AQUEST MOMENT<\/strong><\/p>\n<p>Totes les proves PCR que s\u2019han fet als alumnes de l\u2019escola fins ara han sortit negatives.<\/p>\n<p>Agra\u00efm la vostra col\u00b7laboraci\u00f3.<\/p>\n<p>Cordialment,<\/p>\n<p>La Direcci\u00f3<\/p>\n","protected":false},"excerpt":{"rendered":"<p><a href=\"https:\/\/agora.xtec.cat\/ceipnarcismonturiol\/wp-content\/uploads\/usu821\/2020\/10\/pcr.jpg\"><\/a><br \/>\nBenvolgudes fam\u00edlies,<br \/>\nDurant aquests dies ja han comen\u00e7at els refredats, per tant molts alumnes quan han anat al CAP s\u2019han hagut de fer la prova PCR per tal de poder descartar el COVID-19.<br \/>\nQu\u00e8 s\u2019ha de fer si a un alumne li han de fer una&hellip;  <a href=\"https:\/\/agora.xtec.cat\/ceipnarcismonturiol\/general\/informacio-important-relativa-als-pcr\/\" title=\"Read Informaci\u00f3 important relativa als PCR\">Llegeix m\u00e9s\u00bb<\/a><\/p>\n","protected":false},"author":1,"featured_media":632,"comment_status":"open","ping_status":"closed","sticky":false,"template":"","format":"standard","meta":{"_bbp_topic_count":0,"_bbp_reply_count":0,"_bbp_total_topic_count":0,"_bbp_total_reply_count":0,"_bbp_voice_count":0,"_bbp_anonymous_reply_count":0,"_bbp_topic_count_hidden":0,"_bbp_reply_count_hidden":0,"_bbp_forum_subforum_count":0,"footnotes":""},"categories":[7,1,4],"tags":[],"class_list":["post-631","post","type-post","status-publish","format-standard","has-post-thumbnail","hentry","category-afa","category-general","category-portada"],"post_mailing_queue_ids":[],"_links":{"self":[{"href":"https:\/\/agora.xtec.cat\/ceipnarcismonturiol\/wp-json\/wp\/v2\/posts\/631","targetHints":{"allow":["GET"]}}],"collection":[{"href":"https:\/\/agora.xtec.cat\/ceipnarcismonturiol\/wp-json\/wp\/v2\/posts"}],"about":[{"href":"https:\/\/agora.xtec.cat\/ceipnarcismonturiol\/wp-json\/wp\/v2\/types\/post"}],"author":[{"embeddable":true,"href":"https:\/\/agora.xtec.cat\/ceipnarcismonturiol\/wp-json\/wp\/v2\/users\/1"}],"replies":[{"embeddable":true,"href":"https:\/\/agora.xtec.cat\/ceipnarcismonturiol\/wp-json\/wp\/v2\/comments?post=631"}],"version-history":[{"count":2,"href":"https:\/\/agora.xtec.cat\/ceipnarcismonturiol\/wp-json\/wp\/v2\/posts\/631\/revisions"}],"predecessor-version":[{"id":634,"href":"https:\/\/agora.xtec.cat\/ceipnarcismonturiol\/wp-json\/wp\/v2\/posts\/631\/revisions\/634"}],"wp:featuredmedia":[{"embeddable":true,"href":"https:\/\/agora.xtec.cat\/ceipnarcismonturiol\/wp-json\/wp\/v2\/media\/632"}],"wp:attachment":[{"href":"https:\/\/agora.xtec.cat\/ceipnarcismonturiol\/wp-json\/wp\/v2\/media?parent=631"}],"wp:term":[{"taxonomy":"category","embeddable":true,"href":"https:\/\/agora.xtec.cat\/ceipnarcismonturiol\/wp-json\/wp\/v2\/categories?post=631"},{"taxonomy":"post_tag","embeddable":true,"href":"https:\/\/agora.xtec.cat\/ceipnarcismonturiol\/wp-json\/wp\/v2\/tags?post=631"}],"curies":[{"name":"wp","href":"https:\/\/api.w.org\/{rel}","templated":true}]}}