{"id":616,"date":"2020-09-18T12:45:12","date_gmt":"2020-09-18T10:45:12","guid":{"rendered":"https:\/\/agora.xtec.cat\/ceipnarcismonturiol\/?p=616"},"modified":"2020-09-18T12:52:36","modified_gmt":"2020-09-18T10:52:36","slug":"informacio-de-la-compra-de-llibres-i-del-pagament-de-la-quota-de-lafa","status":"publish","type":"post","link":"https:\/\/agora.xtec.cat\/ceipnarcismonturiol\/general\/informacio-de-la-compra-de-llibres-i-del-pagament-de-la-quota-de-lafa\/","title":{"rendered":"Informaci\u00f3 compra llibres i pagament quota AFA"},"content":{"rendered":"<p>Benvolgudes fam\u00edlies,<\/p>\n<p>Us enllacem la informaci\u00f3 relativa a la compra de llibres de text i al pagament de la quota de l&#8217;AFA, que aquest es far\u00e0 de manera online.<\/p>\n<p>Hi ha instruccions diferents per Educaci\u00f3 Infantil i per Educaci\u00f3 Prim\u00e0ria.<\/p>\n<p>Moltes gr\u00e0cies.<\/p>\n<p>Atentament,<\/p>\n<p>La direcci\u00f3<\/p>\n<p>&nbsp;<\/p>\n<p><em><strong>DOCUMENTS:<\/strong><\/em><\/p>\n<ul>\n<li><a href=\"https:\/\/agora.xtec.cat\/ceipnarcismonturiol\/wp-content\/uploads\/usu821\/2020\/09\/EI-llibres-1.jpg\">Instruccions Educaci\u00f3 Infantil 1<\/a><\/li>\n<li><a href=\"https:\/\/agora.xtec.cat\/ceipnarcismonturiol\/wp-content\/uploads\/usu821\/2020\/09\/EI-llibres-2.jpg\">Instruccions Educaci\u00f3 Infantil 2<\/a><\/li>\n<li><a href=\"https:\/\/agora.xtec.cat\/ceipnarcismonturiol\/wp-content\/uploads\/usu821\/2020\/09\/EP-llibres-1.jpg\">Instruccions Educaci\u00f3 Prim\u00e0ria 1<\/a><\/li>\n<li><a href=\"https:\/\/agora.xtec.cat\/ceipnarcismonturiol\/wp-content\/uploads\/usu821\/2020\/09\/EP-llibres-2.jpg\">Instruccions Educaci\u00f3 Prim\u00e0ria 2<\/a><\/li>\n<li><a href=\"https:\/\/agora.xtec.cat\/ceipnarcismonturiol\/wp-content\/uploads\/usu821\/2020\/09\/EP-llibres-3.jpg\">Instruccions Educaci\u00f3 Prim\u00e0ria 3<\/a><\/li>\n<li><a href=\"https:\/\/agora.xtec.cat\/ceipnarcismonturiol\/wp-content\/uploads\/usu821\/2020\/09\/EP-llibres-4.jpg\">Instruccions Educaci\u00f3 Prim\u00e0ria 4<\/a><\/li>\n<\/ul>\n","protected":false},"excerpt":{"rendered":"<p>Benvolgudes fam\u00edlies,<br \/>\nUs enllacem la informaci\u00f3 relativa a la compra de llibres de text i al pagament de la quota de l&#8217;AFA, que aquest es far\u00e0 de manera online.<br \/>\nHi ha instruccions diferents per Educaci\u00f3 Infantil i per Educaci\u00f3 Prim\u00e0ria.<br \/>\nMoltes gr\u00e0cies.<br \/>\nAtentament,<br \/>\nLa direcci\u00f3<br \/>\n&nbsp;<br \/>\nDOCUMENTS:<\/p>\n<ul>\n<li><a href=\"https:\/\/agora.xtec.cat\/ceipnarcismonturiol\/wp-content\/uploads\/usu821\/2020\/09\/EI-llibres-1.jpg\">Instruccions Educaci\u00f3 Infantil 1<\/a><\/li>\n<li><a href=\"https:\/\/agora.xtec.cat\/ceipnarcismonturiol\/wp-content\/uploads\/usu821\/2020\/09\/EI-llibres-2.jpg\">Instruccions&hellip;  <a href=\"https:\/\/agora.xtec.cat\/ceipnarcismonturiol\/general\/informacio-de-la-compra-de-llibres-i-del-pagament-de-la-quota-de-lafa\/\" title=\"Read Informaci\u00f3 compra llibres i pagament quota AFA\">Llegeix m\u00e9s\u00bb<\/a><br \/>\n","protected":false},"author":1,"featured_media":479,"comment_status":"open","ping_status":"closed","sticky":false,"template":"","format":"standard","meta":{"_bbp_topic_count":0,"_bbp_reply_count":0,"_bbp_total_topic_count":0,"_bbp_total_reply_count":0,"_bbp_voice_count":0,"_bbp_anonymous_reply_count":0,"_bbp_topic_count_hidden":0,"_bbp_reply_count_hidden":0,"_bbp_forum_subforum_count":0,"footnotes":""},"categories":[7,1,4],"tags":[],"class_list":["post-616","post","type-post","status-publish","format-standard","has-post-thumbnail","hentry","category-afa","category-general","category-portada"],"post_mailing_queue_ids":[],"_links":{"self":[{"href":"https:\/\/agora.xtec.cat\/ceipnarcismonturiol\/wp-json\/wp\/v2\/posts\/616","targetHints":{"allow":["GET"]}}],"collection":[{"href":"https:\/\/agora.xtec.cat\/ceipnarcismonturiol\/wp-json\/wp\/v2\/posts"}],"about":[{"href":"https:\/\/agora.xtec.cat\/ceipnarcismonturiol\/wp-json\/wp\/v2\/types\/post"}],"author":[{"embeddable":true,"href":"https:\/\/agora.xtec.cat\/ceipnarcismonturiol\/wp-json\/wp\/v2\/users\/1"}],"replies":[{"embeddable":true,"href":"https:\/\/agora.xtec.cat\/ceipnarcismonturiol\/wp-json\/wp\/v2\/comments?post=616"}],"version-history":[{"count":3,"href":"https:\/\/agora.xtec.cat\/ceipnarcismonturiol\/wp-json\/wp\/v2\/posts\/616\/revisions"}],"predecessor-version":[{"id":627,"href":"https:\/\/agora.xtec.cat\/ceipnarcismonturiol\/wp-json\/wp\/v2\/posts\/616\/revisions\/627"}],"wp:featuredmedia":[{"embeddable":true,"href":"https:\/\/agora.xtec.cat\/ceipnarcismonturiol\/wp-json\/wp\/v2\/media\/479"}],"wp:attachment":[{"href":"https:\/\/agora.xtec.cat\/ceipnarcismonturiol\/wp-json\/wp\/v2\/media?parent=616"}],"wp:term":[{"taxonomy":"category","embeddable":true,"href":"https:\/\/agora.xtec.cat\/ceipnarcismonturiol\/wp-json\/wp\/v2\/categories?post=616"},{"taxonomy":"post_tag","embeddable":true,"href":"https:\/\/agora.xtec.cat\/ceipnarcismonturiol\/wp-json\/wp\/v2\/tags?post=616"}],"curies":[{"name":"wp","href":"https:\/\/api.w.org\/{rel}","templated":true}]}}