{"id":606,"date":"2020-09-13T17:41:15","date_gmt":"2020-09-13T15:41:15","guid":{"rendered":"https:\/\/agora.xtec.cat\/ceipnarcismonturiol\/?p=606"},"modified":"2020-09-13T17:44:39","modified_gmt":"2020-09-13T15:44:39","slug":"planols-indicant-les-entrades-a-lescola","status":"publish","type":"post","link":"https:\/\/agora.xtec.cat\/ceipnarcismonturiol\/general\/planols-indicant-les-entrades-a-lescola\/","title":{"rendered":"Pl\u00e0nols indicant les entrades a l&#8217;escola"},"content":{"rendered":"<p>Benvolgudes fam\u00edlies,<\/p>\n<p>Us enviem uns pl\u00e0nols de l&#8217;escola indicant les entrades a l&#8217;escola amb la intenci\u00f3 de que us pugui ser \u00fatil per saber on anar dem\u00e0 a les hores d&#8217;entrada i sortida dels vostres fills\/filles.<\/p>\n<p>Aquests horaris i organitzaci\u00f3 es revisaran durant els primers dies per si cal fer reajustaments i\/o canvis.<\/p>\n<p>Moltes gr\u00e0cies i molt bon inici de curs!<\/p>\n<p>Atentament,<\/p>\n<p>La Direcci\u00f3<a href=\"https:\/\/agora.xtec.cat\/ceipnarcismonturiol\/wp-content\/uploads\/usu821\/2020\/09\/Entrada-escola-Educacio\u0301-Infantil-.jpg\"><img loading=\"lazy\" decoding=\"async\" class=\"alignnone size-full wp-image-607\" src=\"https:\/\/agora.xtec.cat\/ceipnarcismonturiol\/wp-content\/uploads\/usu821\/2020\/09\/Entrada-escola-Educacio\u0301-Infantil-.jpg\" alt=\"\" width=\"1754\" height=\"1240\" srcset=\"https:\/\/agora.xtec.cat\/ceipnarcismonturiol\/wp-content\/uploads\/usu821\/2020\/09\/Entrada-escola-Educacio\u0301-Infantil-.jpg 1754w, https:\/\/agora.xtec.cat\/ceipnarcismonturiol\/wp-content\/uploads\/usu821\/2020\/09\/Entrada-escola-Educacio\u0301-Infantil--300x212.jpg 300w, https:\/\/agora.xtec.cat\/ceipnarcismonturiol\/wp-content\/uploads\/usu821\/2020\/09\/Entrada-escola-Educacio\u0301-Infantil--768x543.jpg 768w, https:\/\/agora.xtec.cat\/ceipnarcismonturiol\/wp-content\/uploads\/usu821\/2020\/09\/Entrada-escola-Educacio\u0301-Infantil--1024x724.jpg 1024w\" sizes=\"auto, (max-width: 1754px) 100vw, 1754px\" \/><\/a><a href=\"https:\/\/agora.xtec.cat\/ceipnarcismonturiol\/wp-content\/uploads\/usu821\/2020\/09\/Entrades-escola-Educacio\u0301-Prima\u0300ria.jpg\"><img loading=\"lazy\" decoding=\"async\" class=\"alignnone size-full wp-image-608\" src=\"https:\/\/agora.xtec.cat\/ceipnarcismonturiol\/wp-content\/uploads\/usu821\/2020\/09\/Entrades-escola-Educacio\u0301-Prima\u0300ria.jpg\" alt=\"\" width=\"3509\" height=\"2479\" srcset=\"https:\/\/agora.xtec.cat\/ceipnarcismonturiol\/wp-content\/uploads\/usu821\/2020\/09\/Entrades-escola-Educacio\u0301-Prima\u0300ria.jpg 3509w, https:\/\/agora.xtec.cat\/ceipnarcismonturiol\/wp-content\/uploads\/usu821\/2020\/09\/Entrades-escola-Educacio\u0301-Prima\u0300ria-300x212.jpg 300w, https:\/\/agora.xtec.cat\/ceipnarcismonturiol\/wp-content\/uploads\/usu821\/2020\/09\/Entrades-escola-Educacio\u0301-Prima\u0300ria-768x543.jpg 768w, https:\/\/agora.xtec.cat\/ceipnarcismonturiol\/wp-content\/uploads\/usu821\/2020\/09\/Entrades-escola-Educacio\u0301-Prima\u0300ria-1024x723.jpg 1024w\" sizes=\"auto, (max-width: 3509px) 100vw, 3509px\" \/><\/a><\/p>\n","protected":false},"excerpt":{"rendered":"<p>Benvolgudes fam\u00edlies,<br \/>\nUs enviem uns pl\u00e0nols de l&#8217;escola indicant les entrades a l&#8217;escola amb la intenci\u00f3 de que us pugui ser \u00fatil per saber on anar dem\u00e0 a les hores d&#8217;entrada i sortida dels vostres fills\/filles.<br \/>\nAquests horaris i organitzaci\u00f3 es revisaran durant els primers dies per&hellip;  <a href=\"https:\/\/agora.xtec.cat\/ceipnarcismonturiol\/general\/planols-indicant-les-entrades-a-lescola\/\" title=\"Read Pl\u00e0nols indicant les entrades a l&#8217;escola\">Llegeix m\u00e9s\u00bb<\/a><\/p>\n","protected":false},"author":1,"featured_media":0,"comment_status":"open","ping_status":"closed","sticky":false,"template":"","format":"standard","meta":{"_bbp_topic_count":0,"_bbp_reply_count":0,"_bbp_total_topic_count":0,"_bbp_total_reply_count":0,"_bbp_voice_count":0,"_bbp_anonymous_reply_count":0,"_bbp_topic_count_hidden":0,"_bbp_reply_count_hidden":0,"_bbp_forum_subforum_count":0,"footnotes":""},"categories":[7,1,4],"tags":[],"class_list":["post-606","post","type-post","status-publish","format-standard","hentry","category-afa","category-general","category-portada"],"post_mailing_queue_ids":[],"_links":{"self":[{"href":"https:\/\/agora.xtec.cat\/ceipnarcismonturiol\/wp-json\/wp\/v2\/posts\/606","targetHints":{"allow":["GET"]}}],"collection":[{"href":"https:\/\/agora.xtec.cat\/ceipnarcismonturiol\/wp-json\/wp\/v2\/posts"}],"about":[{"href":"https:\/\/agora.xtec.cat\/ceipnarcismonturiol\/wp-json\/wp\/v2\/types\/post"}],"author":[{"embeddable":true,"href":"https:\/\/agora.xtec.cat\/ceipnarcismonturiol\/wp-json\/wp\/v2\/users\/1"}],"replies":[{"embeddable":true,"href":"https:\/\/agora.xtec.cat\/ceipnarcismonturiol\/wp-json\/wp\/v2\/comments?post=606"}],"version-history":[{"count":3,"href":"https:\/\/agora.xtec.cat\/ceipnarcismonturiol\/wp-json\/wp\/v2\/posts\/606\/revisions"}],"predecessor-version":[{"id":611,"href":"https:\/\/agora.xtec.cat\/ceipnarcismonturiol\/wp-json\/wp\/v2\/posts\/606\/revisions\/611"}],"wp:attachment":[{"href":"https:\/\/agora.xtec.cat\/ceipnarcismonturiol\/wp-json\/wp\/v2\/media?parent=606"}],"wp:term":[{"taxonomy":"category","embeddable":true,"href":"https:\/\/agora.xtec.cat\/ceipnarcismonturiol\/wp-json\/wp\/v2\/categories?post=606"},{"taxonomy":"post_tag","embeddable":true,"href":"https:\/\/agora.xtec.cat\/ceipnarcismonturiol\/wp-json\/wp\/v2\/tags?post=606"}],"curies":[{"name":"wp","href":"https:\/\/api.w.org\/{rel}","templated":true}]}}