{"id":603,"date":"2020-09-13T17:36:32","date_gmt":"2020-09-13T15:36:32","guid":{"rendered":"https:\/\/agora.xtec.cat\/ceipnarcismonturiol\/?p=603"},"modified":"2020-09-13T17:36:32","modified_gmt":"2020-09-13T15:36:32","slug":"actualitzacio-dalgunes-informacions-importants","status":"publish","type":"post","link":"https:\/\/agora.xtec.cat\/ceipnarcismonturiol\/general\/actualitzacio-dalgunes-informacions-importants\/","title":{"rendered":"Actualitzaci\u00f3 d\u2019algunes informacions importants"},"content":{"rendered":"<p style=\"font-weight: 400;\">Benvolgudes fam\u00edlies,<\/p>\n<p style=\"font-weight: 400;\">Abans de comen\u00e7ar el primer dia d\u2019escola, us volem fer arribar l\u2019actualitzaci\u00f3 d\u2019algunes informacions que pensem que s\u00f3n importants. Recordem que aquest curs ens haurem d\u2019acostumar a fer canvis habitualment, en funci\u00f3 de l\u2019evoluci\u00f3 de la pand\u00e8mia i de les diferents situacions que es vagin esdevenint.<\/p>\n<ul style=\"font-weight: 400;\">\n<li><strong><u>Mascareta<\/u><\/strong><strong>:<\/strong>\u00a0aquests \u00faltims dies han canviat les condicions en relaci\u00f3 a aquest aspecte. Segons les \u00faltimes indicacions marcades pel Procicat, el primer dia del curs, i almenys durant les dues primeres setmanes, tots els infants a partir dels 6 anys hauran de dur mascareta en tots els centres educatius. Aix\u00ed doncs, a partir dels 6 anys els nens i nenes hauran de portar la mascareta tamb\u00e9 quan estiguin dins el seu propi grup estable de conviv\u00e8ncia.<\/li>\n<\/ul>\n<ul style=\"font-weight: 400;\">\n<li><strong><u>Pagament del material escolar<\/u><\/strong><strong>:\u00a0<\/strong>com ja vam informar a final de curs, aquest primer trimestre no es cobrar\u00e0 cap rebut de material escolar als\/les alumnes que ja estaven matriculats\/des a l\u2019escola el curs passat, doncs els diners que corresponien al 3r trimestre del curs anterior serviran pel material del primer trimestre d\u2019aquest curs 2020-2021.<\/li>\n<\/ul>\n<ul style=\"font-weight: 400;\">\n<li><strong><u>Bata<\/u><\/strong><strong>:\u00a0<\/strong>la bata per a l\u2019alumnat d\u2019Educaci\u00f3 Infantil la podreu comprar a la botiga \u201cSom Kids\u201d, al Carrer Dr. Ferran 52-54 de Roses.<\/li>\n<\/ul>\n<ul style=\"font-weight: 400;\">\n<li><strong><u>Xandall<\/u><\/strong><strong>:<\/strong>\u00a0el xandall de l\u2019escola (recordem que no \u00e9s obligatori) el podreu continuar trobant a \u201cEsports Agustina\u201d durant el curs, per\u00f2 mentre aquesta botiga estigui tancada el podeu comprar a la botiga \u201cNou nens\u201d, a la Pla\u00e7a de l\u2019Esgl\u00e9sia 1 de Roses.<\/li>\n<\/ul>\n<ul style=\"font-weight: 400;\">\n<li><strong><u>Entrada de familiars als centres:<\/u><\/strong>\u00a0recordem que no est\u00e0 permesa l\u2019entrada de les fam\u00edlies a l\u2019edifici escolar. A la nostra escola es permet que els familiars puguin entrar dins el pati de l\u2019escola, limitant-t\u2019ho a un familiar\/acompanyant per infant, que ha de portar sempre la mascareta i mantenir les mesures de seguretat i dist\u00e0ncies recomanades amb les altres fam\u00edlies. Els familiars dels alumnes d\u2019Educaci\u00f3 Infantil han d\u2019acompanyar els infants fins a fora de la classe (una mestra els estar\u00e0 esperant) i els dels alumnes d\u2019Educaci\u00f3 Prim\u00e0ria tenen zones habilitades en funci\u00f3 del curs dels seus fills\/filles.<\/li>\n<\/ul>\n<ul style=\"font-weight: 400;\">\n<li><strong><u>Reunions de curs:<\/u><\/strong>\u00a0durant el mes de setembre els\/les tutors\/es dels vostres fills\/es us convocaran a la reuni\u00f3 del curs, que ser\u00e0 telem\u00e0tica. En aquesta reuni\u00f3 us podran aclarir tots els dubtes que tingueu.<\/li>\n<\/ul>\n<p style=\"font-weight: 400;\">Moltes gr\u00e0cies i molt bon inici de curs!<\/p>\n<p style=\"font-weight: 400;\">La Direcci\u00f3<\/p>\n","protected":false},"excerpt":{"rendered":"<p>Benvolgudes fam\u00edlies,<br \/>\nAbans de comen\u00e7ar el primer dia d\u2019escola, us volem fer arribar l\u2019actualitzaci\u00f3 d\u2019algunes informacions que pensem que s\u00f3n importants. Recordem que aquest curs ens haurem d\u2019acostumar a fer canvis habitualment, en funci\u00f3 de l\u2019evoluci\u00f3 de la pand\u00e8mia i de les diferents situacions que es&hellip;  <a href=\"https:\/\/agora.xtec.cat\/ceipnarcismonturiol\/general\/actualitzacio-dalgunes-informacions-importants\/\" title=\"Read Actualitzaci\u00f3 d\u2019algunes informacions importants\">Llegeix m\u00e9s\u00bb<\/a><\/p>\n","protected":false},"author":1,"featured_media":604,"comment_status":"open","ping_status":"closed","sticky":false,"template":"","format":"standard","meta":{"_bbp_topic_count":0,"_bbp_reply_count":0,"_bbp_total_topic_count":0,"_bbp_total_reply_count":0,"_bbp_voice_count":0,"_bbp_anonymous_reply_count":0,"_bbp_topic_count_hidden":0,"_bbp_reply_count_hidden":0,"_bbp_forum_subforum_count":0,"footnotes":""},"categories":[7,1,4],"tags":[],"class_list":["post-603","post","type-post","status-publish","format-standard","has-post-thumbnail","hentry","category-afa","category-general","category-portada"],"post_mailing_queue_ids":[],"_links":{"self":[{"href":"https:\/\/agora.xtec.cat\/ceipnarcismonturiol\/wp-json\/wp\/v2\/posts\/603","targetHints":{"allow":["GET"]}}],"collection":[{"href":"https:\/\/agora.xtec.cat\/ceipnarcismonturiol\/wp-json\/wp\/v2\/posts"}],"about":[{"href":"https:\/\/agora.xtec.cat\/ceipnarcismonturiol\/wp-json\/wp\/v2\/types\/post"}],"author":[{"embeddable":true,"href":"https:\/\/agora.xtec.cat\/ceipnarcismonturiol\/wp-json\/wp\/v2\/users\/1"}],"replies":[{"embeddable":true,"href":"https:\/\/agora.xtec.cat\/ceipnarcismonturiol\/wp-json\/wp\/v2\/comments?post=603"}],"version-history":[{"count":1,"href":"https:\/\/agora.xtec.cat\/ceipnarcismonturiol\/wp-json\/wp\/v2\/posts\/603\/revisions"}],"predecessor-version":[{"id":605,"href":"https:\/\/agora.xtec.cat\/ceipnarcismonturiol\/wp-json\/wp\/v2\/posts\/603\/revisions\/605"}],"wp:featuredmedia":[{"embeddable":true,"href":"https:\/\/agora.xtec.cat\/ceipnarcismonturiol\/wp-json\/wp\/v2\/media\/604"}],"wp:attachment":[{"href":"https:\/\/agora.xtec.cat\/ceipnarcismonturiol\/wp-json\/wp\/v2\/media?parent=603"}],"wp:term":[{"taxonomy":"category","embeddable":true,"href":"https:\/\/agora.xtec.cat\/ceipnarcismonturiol\/wp-json\/wp\/v2\/categories?post=603"},{"taxonomy":"post_tag","embeddable":true,"href":"https:\/\/agora.xtec.cat\/ceipnarcismonturiol\/wp-json\/wp\/v2\/tags?post=603"}],"curies":[{"name":"wp","href":"https:\/\/api.w.org\/{rel}","templated":true}]}}