{"id":591,"date":"2020-09-10T09:19:27","date_gmt":"2020-09-10T07:19:27","guid":{"rendered":"https:\/\/agora.xtec.cat\/ceipnarcismonturiol\/?p=591"},"modified":"2020-09-10T09:21:10","modified_gmt":"2020-09-10T07:21:10","slug":"informacions-basiques-pels-primers-dies-descola","status":"publish","type":"post","link":"https:\/\/agora.xtec.cat\/ceipnarcismonturiol\/general\/informacions-basiques-pels-primers-dies-descola\/","title":{"rendered":"Informacions b\u00e0siques pels primers dies d&#8217;escola"},"content":{"rendered":"<div>\n<p>Benvolgudes fam\u00edlies,<\/p>\n<p>Esperem que estigueu molt b\u00e9 i amb tota l&#8217;energia per aquesta tornada a l&#8217;escola &#8220;diferent&#8221;. Nosaltres hem preparat aquest comen\u00e7ament de curs amb molta responsabilitat perqu\u00e8 l&#8217;escola sigui un lloc segur, per\u00f2 tamb\u00e9 amb moltes ganes i il\u00b7lusi\u00f3.<\/p>\n<p>Us enviem informacions b\u00e0siques pels primers dies d&#8217;escola i ja us avancem que abans de comen\u00e7ar rebreu encara m\u00e9s circulars, sobretot relatives a aspectes de salut i accessos al centre.<\/p>\n<p>Heu de tenir molt present que tot el que us enviem pot ser subjecte a ser canviat i actualitzat en qualsevol moment en funci\u00f3 de com vagi evolucionant la pand\u00e8mia i tamb\u00e9 en base a les indicacions que anem rebent.<\/p>\n<p>Com sempre, us recordem que podeu contactar amb nosaltres per a qualsevol dubte i\/o aclariment telefonant al <strong>972 25 62 67<\/strong>.<\/p>\n<p><a href=\"https:\/\/agora.xtec.cat\/ceipnarcismonturiol\/wp-content\/uploads\/usu821\/2020\/09\/Comunicat-fam\u00edlies-9-de-setembre_0001.jpg\"><img loading=\"lazy\" decoding=\"async\" class=\"alignnone size-full wp-image-592\" src=\"https:\/\/agora.xtec.cat\/ceipnarcismonturiol\/wp-content\/uploads\/usu821\/2020\/09\/Comunicat-fam\u00edlies-9-de-setembre_0001.jpg\" alt=\"\" width=\"1653\" height=\"2339\" srcset=\"https:\/\/agora.xtec.cat\/ceipnarcismonturiol\/wp-content\/uploads\/usu821\/2020\/09\/Comunicat-fam\u00edlies-9-de-setembre_0001.jpg 1653w, https:\/\/agora.xtec.cat\/ceipnarcismonturiol\/wp-content\/uploads\/usu821\/2020\/09\/Comunicat-fam\u00edlies-9-de-setembre_0001-212x300.jpg 212w, https:\/\/agora.xtec.cat\/ceipnarcismonturiol\/wp-content\/uploads\/usu821\/2020\/09\/Comunicat-fam\u00edlies-9-de-setembre_0001-768x1087.jpg 768w, https:\/\/agora.xtec.cat\/ceipnarcismonturiol\/wp-content\/uploads\/usu821\/2020\/09\/Comunicat-fam\u00edlies-9-de-setembre_0001-724x1024.jpg 724w\" sizes=\"auto, (max-width: 1653px) 100vw, 1653px\" \/><\/a><a href=\"https:\/\/agora.xtec.cat\/ceipnarcismonturiol\/wp-content\/uploads\/usu821\/2020\/09\/Comunicat-fam\u00edlies-9-de-setembre_0002.jpg\"><img loading=\"lazy\" decoding=\"async\" class=\"alignnone size-full wp-image-593\" src=\"https:\/\/agora.xtec.cat\/ceipnarcismonturiol\/wp-content\/uploads\/usu821\/2020\/09\/Comunicat-fam\u00edlies-9-de-setembre_0002.jpg\" alt=\"\" width=\"1653\" height=\"2339\" srcset=\"https:\/\/agora.xtec.cat\/ceipnarcismonturiol\/wp-content\/uploads\/usu821\/2020\/09\/Comunicat-fam\u00edlies-9-de-setembre_0002.jpg 1653w, https:\/\/agora.xtec.cat\/ceipnarcismonturiol\/wp-content\/uploads\/usu821\/2020\/09\/Comunicat-fam\u00edlies-9-de-setembre_0002-212x300.jpg 212w, https:\/\/agora.xtec.cat\/ceipnarcismonturiol\/wp-content\/uploads\/usu821\/2020\/09\/Comunicat-fam\u00edlies-9-de-setembre_0002-768x1087.jpg 768w, https:\/\/agora.xtec.cat\/ceipnarcismonturiol\/wp-content\/uploads\/usu821\/2020\/09\/Comunicat-fam\u00edlies-9-de-setembre_0002-724x1024.jpg 724w\" sizes=\"auto, (max-width: 1653px) 100vw, 1653px\" \/><\/a><a href=\"https:\/\/agora.xtec.cat\/ceipnarcismonturiol\/wp-content\/uploads\/usu821\/2020\/09\/Comunicat-fam\u00edlies-9-de-setembre_0003.jpg\"><img loading=\"lazy\" decoding=\"async\" class=\"alignnone size-full wp-image-594\" src=\"https:\/\/agora.xtec.cat\/ceipnarcismonturiol\/wp-content\/uploads\/usu821\/2020\/09\/Comunicat-fam\u00edlies-9-de-setembre_0003.jpg\" alt=\"\" width=\"1653\" height=\"2339\" srcset=\"https:\/\/agora.xtec.cat\/ceipnarcismonturiol\/wp-content\/uploads\/usu821\/2020\/09\/Comunicat-fam\u00edlies-9-de-setembre_0003.jpg 1653w, https:\/\/agora.xtec.cat\/ceipnarcismonturiol\/wp-content\/uploads\/usu821\/2020\/09\/Comunicat-fam\u00edlies-9-de-setembre_0003-212x300.jpg 212w, https:\/\/agora.xtec.cat\/ceipnarcismonturiol\/wp-content\/uploads\/usu821\/2020\/09\/Comunicat-fam\u00edlies-9-de-setembre_0003-768x1087.jpg 768w, https:\/\/agora.xtec.cat\/ceipnarcismonturiol\/wp-content\/uploads\/usu821\/2020\/09\/Comunicat-fam\u00edlies-9-de-setembre_0003-724x1024.jpg 724w\" sizes=\"auto, (max-width: 1653px) 100vw, 1653px\" \/><\/a><\/p>\n<\/div>\n","protected":false},"excerpt":{"rendered":"<p>Benvolgudes fam\u00edlies,<br \/>\nEsperem que estigueu molt b\u00e9 i amb tota l&#8217;energia per aquesta tornada a l&#8217;escola &#8220;diferent&#8221;. Nosaltres hem preparat aquest comen\u00e7ament de curs amb molta responsabilitat perqu\u00e8 l&#8217;escola sigui un lloc segur, per\u00f2 tamb\u00e9 amb moltes ganes i il\u00b7lusi\u00f3.<br \/>\nUs enviem informacions b\u00e0siques pels primers dies&hellip;  <a href=\"https:\/\/agora.xtec.cat\/ceipnarcismonturiol\/general\/informacions-basiques-pels-primers-dies-descola\/\" title=\"Read Informacions b\u00e0siques pels primers dies d&#8217;escola\">Llegeix m\u00e9s\u00bb<\/a><\/p>\n","protected":false},"author":1,"featured_media":592,"comment_status":"open","ping_status":"closed","sticky":false,"template":"","format":"standard","meta":{"_bbp_topic_count":0,"_bbp_reply_count":0,"_bbp_total_topic_count":0,"_bbp_total_reply_count":0,"_bbp_voice_count":0,"_bbp_anonymous_reply_count":0,"_bbp_topic_count_hidden":0,"_bbp_reply_count_hidden":0,"_bbp_forum_subforum_count":0,"footnotes":""},"categories":[7,1,4],"tags":[],"class_list":["post-591","post","type-post","status-publish","format-standard","has-post-thumbnail","hentry","category-afa","category-general","category-portada"],"post_mailing_queue_ids":[],"_links":{"self":[{"href":"https:\/\/agora.xtec.cat\/ceipnarcismonturiol\/wp-json\/wp\/v2\/posts\/591","targetHints":{"allow":["GET"]}}],"collection":[{"href":"https:\/\/agora.xtec.cat\/ceipnarcismonturiol\/wp-json\/wp\/v2\/posts"}],"about":[{"href":"https:\/\/agora.xtec.cat\/ceipnarcismonturiol\/wp-json\/wp\/v2\/types\/post"}],"author":[{"embeddable":true,"href":"https:\/\/agora.xtec.cat\/ceipnarcismonturiol\/wp-json\/wp\/v2\/users\/1"}],"replies":[{"embeddable":true,"href":"https:\/\/agora.xtec.cat\/ceipnarcismonturiol\/wp-json\/wp\/v2\/comments?post=591"}],"version-history":[{"count":3,"href":"https:\/\/agora.xtec.cat\/ceipnarcismonturiol\/wp-json\/wp\/v2\/posts\/591\/revisions"}],"predecessor-version":[{"id":597,"href":"https:\/\/agora.xtec.cat\/ceipnarcismonturiol\/wp-json\/wp\/v2\/posts\/591\/revisions\/597"}],"wp:featuredmedia":[{"embeddable":true,"href":"https:\/\/agora.xtec.cat\/ceipnarcismonturiol\/wp-json\/wp\/v2\/media\/592"}],"wp:attachment":[{"href":"https:\/\/agora.xtec.cat\/ceipnarcismonturiol\/wp-json\/wp\/v2\/media?parent=591"}],"wp:term":[{"taxonomy":"category","embeddable":true,"href":"https:\/\/agora.xtec.cat\/ceipnarcismonturiol\/wp-json\/wp\/v2\/categories?post=591"},{"taxonomy":"post_tag","embeddable":true,"href":"https:\/\/agora.xtec.cat\/ceipnarcismonturiol\/wp-json\/wp\/v2\/tags?post=591"}],"curies":[{"name":"wp","href":"https:\/\/api.w.org\/{rel}","templated":true}]}}