{"id":588,"date":"2020-09-02T15:18:38","date_gmt":"2020-09-02T13:18:38","guid":{"rendered":"https:\/\/agora.xtec.cat\/ceipnarcismonturiol\/?p=588"},"modified":"2020-09-02T15:19:21","modified_gmt":"2020-09-02T13:19:21","slug":"dilluns-14-de-setembre-comencara-el-nou-curs-escolar","status":"publish","type":"post","link":"https:\/\/agora.xtec.cat\/ceipnarcismonturiol\/general\/dilluns-14-de-setembre-comencara-el-nou-curs-escolar\/","title":{"rendered":"Dilluns 14 de setembre comen\u00e7ar\u00e0 el nou curs escolar"},"content":{"rendered":"<p style=\"text-align: center;\"><a href=\"https:\/\/agora.xtec.cat\/ceipnarcismonturiol\/wp-content\/uploads\/usu821\/2020\/09\/IMG_5279.jpg\"><img loading=\"lazy\" decoding=\"async\" class=\"alignnone size-full wp-image-589\" src=\"https:\/\/agora.xtec.cat\/ceipnarcismonturiol\/wp-content\/uploads\/usu821\/2020\/09\/IMG_5279.jpg\" alt=\"\" width=\"512\" height=\"362\" srcset=\"https:\/\/agora.xtec.cat\/ceipnarcismonturiol\/wp-content\/uploads\/usu821\/2020\/09\/IMG_5279.jpg 512w, https:\/\/agora.xtec.cat\/ceipnarcismonturiol\/wp-content\/uploads\/usu821\/2020\/09\/IMG_5279-300x212.jpg 300w\" sizes=\"auto, (max-width: 512px) 100vw, 512px\" \/><\/a><\/p>\n<p>Benvolgudes fam\u00edlies,<\/p>\n<p>El proper <strong>dilluns 14 de setembre comen\u00e7ar\u00e0 el nou curs escolar<\/strong>, que intentarem que sigui el m\u00e9s normalitzat possible. Durant l&#8217;estiu hem estat treballant per tal de reorganitzar l&#8217;escola adaptant-nos a la nova situaci\u00f3, seguint les indicacions que ens han anat fent arribar els Departaments d&#8217;Educaci\u00f3 i Salut. Aquest estiu hem elaborat un Pla d&#8217;Obertura del centre que aquests dies estem acabant d\u2019adequar seguint les \u00faltimes indicacions, per a poder-lo aprovar i publicar.<\/p>\n<p>Aquests propers dies us farem arribar indicacions m\u00e9s concretes sobre el funcionament d\u2019aquest curs escolar.<\/p>\n<p>Moltes gr\u00e0cies.<\/p>\n","protected":false},"excerpt":{"rendered":"<p><a href=\"https:\/\/agora.xtec.cat\/ceipnarcismonturiol\/wp-content\/uploads\/usu821\/2020\/09\/IMG_5279.jpg\"><\/a><br \/>\nBenvolgudes fam\u00edlies,<br \/>\nEl proper dilluns 14 de setembre comen\u00e7ar\u00e0 el nou curs escolar, que intentarem que sigui el m\u00e9s normalitzat possible. Durant l&#8217;estiu hem estat treballant per tal de reorganitzar l&#8217;escola adaptant-nos a la nova situaci\u00f3, seguint les indicacions que ens han anat fent arribar&hellip;  <a href=\"https:\/\/agora.xtec.cat\/ceipnarcismonturiol\/general\/dilluns-14-de-setembre-comencara-el-nou-curs-escolar\/\" title=\"Read Dilluns 14 de setembre comen\u00e7ar\u00e0 el nou curs escolar\">Llegeix m\u00e9s\u00bb<\/a><\/p>\n","protected":false},"author":1,"featured_media":589,"comment_status":"open","ping_status":"closed","sticky":false,"template":"","format":"standard","meta":{"_bbp_topic_count":0,"_bbp_reply_count":0,"_bbp_total_topic_count":0,"_bbp_total_reply_count":0,"_bbp_voice_count":0,"_bbp_anonymous_reply_count":0,"_bbp_topic_count_hidden":0,"_bbp_reply_count_hidden":0,"_bbp_forum_subforum_count":0,"footnotes":""},"categories":[7,1,4],"tags":[],"class_list":["post-588","post","type-post","status-publish","format-standard","has-post-thumbnail","hentry","category-afa","category-general","category-portada"],"post_mailing_queue_ids":[],"_links":{"self":[{"href":"https:\/\/agora.xtec.cat\/ceipnarcismonturiol\/wp-json\/wp\/v2\/posts\/588","targetHints":{"allow":["GET"]}}],"collection":[{"href":"https:\/\/agora.xtec.cat\/ceipnarcismonturiol\/wp-json\/wp\/v2\/posts"}],"about":[{"href":"https:\/\/agora.xtec.cat\/ceipnarcismonturiol\/wp-json\/wp\/v2\/types\/post"}],"author":[{"embeddable":true,"href":"https:\/\/agora.xtec.cat\/ceipnarcismonturiol\/wp-json\/wp\/v2\/users\/1"}],"replies":[{"embeddable":true,"href":"https:\/\/agora.xtec.cat\/ceipnarcismonturiol\/wp-json\/wp\/v2\/comments?post=588"}],"version-history":[{"count":1,"href":"https:\/\/agora.xtec.cat\/ceipnarcismonturiol\/wp-json\/wp\/v2\/posts\/588\/revisions"}],"predecessor-version":[{"id":590,"href":"https:\/\/agora.xtec.cat\/ceipnarcismonturiol\/wp-json\/wp\/v2\/posts\/588\/revisions\/590"}],"wp:featuredmedia":[{"embeddable":true,"href":"https:\/\/agora.xtec.cat\/ceipnarcismonturiol\/wp-json\/wp\/v2\/media\/589"}],"wp:attachment":[{"href":"https:\/\/agora.xtec.cat\/ceipnarcismonturiol\/wp-json\/wp\/v2\/media?parent=588"}],"wp:term":[{"taxonomy":"category","embeddable":true,"href":"https:\/\/agora.xtec.cat\/ceipnarcismonturiol\/wp-json\/wp\/v2\/categories?post=588"},{"taxonomy":"post_tag","embeddable":true,"href":"https:\/\/agora.xtec.cat\/ceipnarcismonturiol\/wp-json\/wp\/v2\/tags?post=588"}],"curies":[{"name":"wp","href":"https:\/\/api.w.org\/{rel}","templated":true}]}}