{"id":578,"date":"2020-07-09T19:27:43","date_gmt":"2020-07-09T17:27:43","guid":{"rendered":"https:\/\/agora.xtec.cat\/ceipnarcismonturiol\/?p=578"},"modified":"2020-07-11T14:17:44","modified_gmt":"2020-07-11T12:17:44","slug":"informacio-matricula-2020-2021","status":"publish","type":"post","link":"https:\/\/agora.xtec.cat\/ceipnarcismonturiol\/general\/informacio-matricula-2020-2021\/","title":{"rendered":"Informaci\u00f3 matr\u00edcula 2020-2021"},"content":{"rendered":"<p>Benvolgudes fam\u00edlies,<\/p>\n<p>La setmana del <strong>13 al 17 de juliol cal realitzar la matr\u00edcula<\/strong> dels\/les alumnes assignats\/des al centre durant el proc\u00e9s de preinscripci\u00f3.<\/p>\n<p>L&#8217;horari per a formalitzar la matr\u00edcula \u00e9s de les 9 a les 13.30 h.<\/p>\n<p><strong>Cal demanar cita pr\u00e8via<\/strong> trucant al 972 25 62 67 en horari de matins.<\/p>\n<p>Adjuntem la informaci\u00f3 amb la documentaci\u00f3 necess\u00e0ria per a formalitzar la matriculaci\u00f3.<\/p>\n<p>Moltes gr\u00e0cies.<\/p>\n<p>La Direcci\u00f3<\/p>\n<p><a href=\"https:\/\/agora.xtec.cat\/ceipnarcismonturiol\/wp-content\/uploads\/usu821\/2020\/07\/Documentaci\u00f3-matr\u00edcula.pdf\">Documentaci\u00f3 matr\u00edcula<\/a><\/p>\n","protected":false},"excerpt":{"rendered":"<p>Benvolgudes fam\u00edlies,<br \/>\nLa setmana del 13 al 17 de juliol cal realitzar la matr\u00edcula dels\/les alumnes assignats\/des al centre durant el proc\u00e9s de preinscripci\u00f3.<br \/>\nL&#8217;horari per a formalitzar la matr\u00edcula \u00e9s de les 9 a les 13.30 h.<br \/>\nCal demanar cita pr\u00e8via trucant al 972 25 62 67&hellip;  <a href=\"https:\/\/agora.xtec.cat\/ceipnarcismonturiol\/general\/informacio-matricula-2020-2021\/\" title=\"Read Informaci\u00f3 matr\u00edcula 2020-2021\">Llegeix m\u00e9s\u00bb<\/a><\/p>\n","protected":false},"author":1,"featured_media":579,"comment_status":"open","ping_status":"closed","sticky":false,"template":"","format":"standard","meta":{"_bbp_topic_count":0,"_bbp_reply_count":0,"_bbp_total_topic_count":0,"_bbp_total_reply_count":0,"_bbp_voice_count":0,"_bbp_anonymous_reply_count":0,"_bbp_topic_count_hidden":0,"_bbp_reply_count_hidden":0,"_bbp_forum_subforum_count":0,"footnotes":""},"categories":[1,4],"tags":[],"class_list":["post-578","post","type-post","status-publish","format-standard","has-post-thumbnail","hentry","category-general","category-portada"],"post_mailing_queue_ids":[],"_links":{"self":[{"href":"https:\/\/agora.xtec.cat\/ceipnarcismonturiol\/wp-json\/wp\/v2\/posts\/578","targetHints":{"allow":["GET"]}}],"collection":[{"href":"https:\/\/agora.xtec.cat\/ceipnarcismonturiol\/wp-json\/wp\/v2\/posts"}],"about":[{"href":"https:\/\/agora.xtec.cat\/ceipnarcismonturiol\/wp-json\/wp\/v2\/types\/post"}],"author":[{"embeddable":true,"href":"https:\/\/agora.xtec.cat\/ceipnarcismonturiol\/wp-json\/wp\/v2\/users\/1"}],"replies":[{"embeddable":true,"href":"https:\/\/agora.xtec.cat\/ceipnarcismonturiol\/wp-json\/wp\/v2\/comments?post=578"}],"version-history":[{"count":2,"href":"https:\/\/agora.xtec.cat\/ceipnarcismonturiol\/wp-json\/wp\/v2\/posts\/578\/revisions"}],"predecessor-version":[{"id":582,"href":"https:\/\/agora.xtec.cat\/ceipnarcismonturiol\/wp-json\/wp\/v2\/posts\/578\/revisions\/582"}],"wp:featuredmedia":[{"embeddable":true,"href":"https:\/\/agora.xtec.cat\/ceipnarcismonturiol\/wp-json\/wp\/v2\/media\/579"}],"wp:attachment":[{"href":"https:\/\/agora.xtec.cat\/ceipnarcismonturiol\/wp-json\/wp\/v2\/media?parent=578"}],"wp:term":[{"taxonomy":"category","embeddable":true,"href":"https:\/\/agora.xtec.cat\/ceipnarcismonturiol\/wp-json\/wp\/v2\/categories?post=578"},{"taxonomy":"post_tag","embeddable":true,"href":"https:\/\/agora.xtec.cat\/ceipnarcismonturiol\/wp-json\/wp\/v2\/tags?post=578"}],"curies":[{"name":"wp","href":"https:\/\/api.w.org\/{rel}","templated":true}]}}