{"id":3142,"date":"2026-04-29T16:49:00","date_gmt":"2026-04-29T14:49:00","guid":{"rendered":"https:\/\/agora.xtec.cat\/ceipnarcismonturiol\/?p=3142"},"modified":"2026-04-29T16:49:00","modified_gmt":"2026-04-29T14:49:00","slug":"castell-de-la-trinitat-i5-3","status":"publish","type":"post","link":"https:\/\/agora.xtec.cat\/ceipnarcismonturiol\/general\/castell-de-la-trinitat-i5-3\/","title":{"rendered":"CASTELL DE LA TRINITAT &#8211; I5"},"content":{"rendered":"<p class=\"Standard\"><span lang=\"CA\" style=\"font-size: 14.0pt; font-family: 'Arial','sans-serif';\">Els nens i nenes d\u2019I5 hem anat d\u2019excursi\u00f3 amb el trenet fins al Castell de la Trinitat de Roses. Aquesta sortida forma part del projecte \u201cRoses\u201d que estem estudiant a classe, on hem descobert que els soldats van ser uns dels antics habitants de la vila.<br \/>\nAll\u00e0 hem descobert molt\u00edssimes coses! Hem apr\u00e8s que \u00e9s un castell amb forma d\u2019estrella, que servia per defensar el territori i que estava constru\u00eft amb pedra. Tamb\u00e9 hem vist com era la vida dins del castell: hi vivien soldats i altres persones, com la cuinera o el governador, i funcionava gaireb\u00e9 com un petit poble.<br \/>\nA mesura que ens an\u00e0vem endinsant en el castell, hem anat descobrint espais molt emocionants que ens han cridat molt l\u2019atenci\u00f3, com els llocs on guardaven els equipaments, el forn i la cuina, i on dormien. Tamb\u00e9 hem vist una gran cisterna per guardar l\u2019aigua, les letrines i els espiells per vigilar l\u2019exterior.<br \/>\nEns ha agradat molt aquesta experi\u00e8ncia, ja que per un petit instant ens hem convertit en petits soldats!<\/span><\/p>\n<p><a href=\"https:\/\/agora.xtec.cat\/ceipnarcismonturiol\/?p=3143&amp;preview=true\"><img loading=\"lazy\" decoding=\"async\" class=\"size-full wp-image-3145 aligncenter\" src=\"https:\/\/agora.xtec.cat\/ceipnarcismonturiol\/wp-content\/uploads\/usu821\/2026\/04\/Captura-de-pantalla-2026-04-29-164405.png\" alt=\"\" width=\"586\" height=\"431\" srcset=\"https:\/\/agora.xtec.cat\/ceipnarcismonturiol\/wp-content\/uploads\/usu821\/2026\/04\/Captura-de-pantalla-2026-04-29-164405.png 586w, https:\/\/agora.xtec.cat\/ceipnarcismonturiol\/wp-content\/uploads\/usu821\/2026\/04\/Captura-de-pantalla-2026-04-29-164405-300x221.png 300w\" sizes=\"auto, (max-width: 586px) 100vw, 586px\" \/><\/a><\/p>\n<p><strong>Recordem que per visualitzar les imatges vau rebre un \u201cTokApp\u201d amb el codi per a accedir-hi.<\/strong><\/p>\n","protected":false},"excerpt":{"rendered":"<p>Els nens i nenes d\u2019I5 hem anat d\u2019excursi\u00f3 amb el trenet fins al Castell de la Trinitat de Roses. Aquesta sortida forma part del projecte \u201cRoses\u201d que estem estudiant a classe, on hem descobert que els soldats van ser uns dels antics habitants de la&hellip;  <a href=\"https:\/\/agora.xtec.cat\/ceipnarcismonturiol\/general\/castell-de-la-trinitat-i5-3\/\" title=\"Read CASTELL DE LA TRINITAT &#8211; I5\">Llegeix m\u00e9s\u00bb<\/a><\/p>\n","protected":false},"author":1,"featured_media":3145,"comment_status":"closed","ping_status":"closed","sticky":false,"template":"","format":"standard","meta":{"_bbp_topic_count":0,"_bbp_reply_count":0,"_bbp_total_topic_count":0,"_bbp_total_reply_count":0,"_bbp_voice_count":0,"_bbp_anonymous_reply_count":0,"_bbp_topic_count_hidden":0,"_bbp_reply_count_hidden":0,"_bbp_forum_subforum_count":0,"footnotes":""},"categories":[1,9,2,4],"tags":[],"class_list":["post-3142","post","type-post","status-publish","format-standard","has-post-thumbnail","hentry","category-general","category-i5","category-infantil","category-portada"],"post_mailing_queue_ids":[],"_links":{"self":[{"href":"https:\/\/agora.xtec.cat\/ceipnarcismonturiol\/wp-json\/wp\/v2\/posts\/3142","targetHints":{"allow":["GET"]}}],"collection":[{"href":"https:\/\/agora.xtec.cat\/ceipnarcismonturiol\/wp-json\/wp\/v2\/posts"}],"about":[{"href":"https:\/\/agora.xtec.cat\/ceipnarcismonturiol\/wp-json\/wp\/v2\/types\/post"}],"author":[{"embeddable":true,"href":"https:\/\/agora.xtec.cat\/ceipnarcismonturiol\/wp-json\/wp\/v2\/users\/1"}],"replies":[{"embeddable":true,"href":"https:\/\/agora.xtec.cat\/ceipnarcismonturiol\/wp-json\/wp\/v2\/comments?post=3142"}],"version-history":[{"count":1,"href":"https:\/\/agora.xtec.cat\/ceipnarcismonturiol\/wp-json\/wp\/v2\/posts\/3142\/revisions"}],"predecessor-version":[{"id":3147,"href":"https:\/\/agora.xtec.cat\/ceipnarcismonturiol\/wp-json\/wp\/v2\/posts\/3142\/revisions\/3147"}],"wp:featuredmedia":[{"embeddable":true,"href":"https:\/\/agora.xtec.cat\/ceipnarcismonturiol\/wp-json\/wp\/v2\/media\/3145"}],"wp:attachment":[{"href":"https:\/\/agora.xtec.cat\/ceipnarcismonturiol\/wp-json\/wp\/v2\/media?parent=3142"}],"wp:term":[{"taxonomy":"category","embeddable":true,"href":"https:\/\/agora.xtec.cat\/ceipnarcismonturiol\/wp-json\/wp\/v2\/categories?post=3142"},{"taxonomy":"post_tag","embeddable":true,"href":"https:\/\/agora.xtec.cat\/ceipnarcismonturiol\/wp-json\/wp\/v2\/tags?post=3142"}],"curies":[{"name":"wp","href":"https:\/\/api.w.org\/{rel}","templated":true}]}}