{"id":3133,"date":"2026-04-29T11:08:26","date_gmt":"2026-04-29T09:08:26","guid":{"rendered":"https:\/\/agora.xtec.cat\/ceipnarcismonturiol\/?p=3133"},"modified":"2026-04-29T11:08:26","modified_gmt":"2026-04-29T09:08:26","slug":"jornada-somparcc-5e","status":"publish","type":"post","link":"https:\/\/agora.xtec.cat\/ceipnarcismonturiol\/general\/jornada-somparcc-5e\/","title":{"rendered":"JORNADA SOMPARCC &#8211; 5\u00e8"},"content":{"rendered":"<p>Ahir, l&#8217;alumnat de 5\u00e8 de la nostra escola va gaudir d&#8217;una jornada molt especial a la Ciutadella de Roses en el marc del projecte Somparcc. Va ser una experi\u00e8ncia de conviv\u00e8ncia magn\u00edfica on els nostres nois i noies van compartir diferents activitats l\u00fadiques i educatives amb els alumnes de 5\u00e8 dels altres centres del municipi. Va ser un dia fant\u00e0stic per estr\u00e8nyer vincles, col\u00b7laborar i gaudir plegats del patrimoni del nostre poble!<br \/>\n<img loading=\"lazy\" decoding=\"async\" class=\"wp-image-3137 aligncenter\" src=\"https:\/\/agora.xtec.cat\/ceipnarcismonturiol\/wp-content\/uploads\/usu821\/2026\/04\/WhatsApp-Image-2026-04-29-at-10.35.41-768x1024.jpeg\" alt=\"\" width=\"331\" height=\"442\" srcset=\"https:\/\/agora.xtec.cat\/ceipnarcismonturiol\/wp-content\/uploads\/usu821\/2026\/04\/WhatsApp-Image-2026-04-29-at-10.35.41-768x1024.jpeg 768w, https:\/\/agora.xtec.cat\/ceipnarcismonturiol\/wp-content\/uploads\/usu821\/2026\/04\/WhatsApp-Image-2026-04-29-at-10.35.41-225x300.jpeg 225w, https:\/\/agora.xtec.cat\/ceipnarcismonturiol\/wp-content\/uploads\/usu821\/2026\/04\/WhatsApp-Image-2026-04-29-at-10.35.41-1152x1536.jpeg 1152w, https:\/\/agora.xtec.cat\/ceipnarcismonturiol\/wp-content\/uploads\/usu821\/2026\/04\/WhatsApp-Image-2026-04-29-at-10.35.41.jpeg 1536w\" sizes=\"auto, (max-width: 331px) 100vw, 331px\" \/><strong>Recordem que per visualitzar les imatges vau rebre un \u201cTokApp\u201d amb el codi per a accedir-hi.<\/strong><\/p>\n","protected":false},"excerpt":{"rendered":"<p>Ahir, l&#8217;alumnat de 5\u00e8 de la nostra escola va gaudir d&#8217;una jornada molt especial a la Ciutadella de Roses en el marc del projecte Somparcc. Va ser una experi\u00e8ncia de conviv\u00e8ncia magn\u00edfica on els nostres nois i noies van compartir diferents activitats l\u00fadiques i educatives&hellip;  <a href=\"https:\/\/agora.xtec.cat\/ceipnarcismonturiol\/general\/jornada-somparcc-5e\/\" title=\"Read JORNADA SOMPARCC &#8211; 5\u00e8\">Llegeix m\u00e9s\u00bb<\/a><\/p>\n","protected":false},"author":1,"featured_media":3137,"comment_status":"closed","ping_status":"closed","sticky":false,"template":"","format":"standard","meta":{"_bbp_topic_count":0,"_bbp_reply_count":0,"_bbp_total_topic_count":0,"_bbp_total_reply_count":0,"_bbp_voice_count":0,"_bbp_anonymous_reply_count":0,"_bbp_topic_count_hidden":0,"_bbp_reply_count_hidden":0,"_bbp_forum_subforum_count":0,"footnotes":""},"categories":[14,1,4,5],"tags":[],"class_list":["post-3133","post","type-post","status-publish","format-standard","has-post-thumbnail","hentry","category-cs","category-general","category-portada","category-primaria"],"post_mailing_queue_ids":[],"_links":{"self":[{"href":"https:\/\/agora.xtec.cat\/ceipnarcismonturiol\/wp-json\/wp\/v2\/posts\/3133","targetHints":{"allow":["GET"]}}],"collection":[{"href":"https:\/\/agora.xtec.cat\/ceipnarcismonturiol\/wp-json\/wp\/v2\/posts"}],"about":[{"href":"https:\/\/agora.xtec.cat\/ceipnarcismonturiol\/wp-json\/wp\/v2\/types\/post"}],"author":[{"embeddable":true,"href":"https:\/\/agora.xtec.cat\/ceipnarcismonturiol\/wp-json\/wp\/v2\/users\/1"}],"replies":[{"embeddable":true,"href":"https:\/\/agora.xtec.cat\/ceipnarcismonturiol\/wp-json\/wp\/v2\/comments?post=3133"}],"version-history":[{"count":1,"href":"https:\/\/agora.xtec.cat\/ceipnarcismonturiol\/wp-json\/wp\/v2\/posts\/3133\/revisions"}],"predecessor-version":[{"id":3140,"href":"https:\/\/agora.xtec.cat\/ceipnarcismonturiol\/wp-json\/wp\/v2\/posts\/3133\/revisions\/3140"}],"wp:featuredmedia":[{"embeddable":true,"href":"https:\/\/agora.xtec.cat\/ceipnarcismonturiol\/wp-json\/wp\/v2\/media\/3137"}],"wp:attachment":[{"href":"https:\/\/agora.xtec.cat\/ceipnarcismonturiol\/wp-json\/wp\/v2\/media?parent=3133"}],"wp:term":[{"taxonomy":"category","embeddable":true,"href":"https:\/\/agora.xtec.cat\/ceipnarcismonturiol\/wp-json\/wp\/v2\/categories?post=3133"},{"taxonomy":"post_tag","embeddable":true,"href":"https:\/\/agora.xtec.cat\/ceipnarcismonturiol\/wp-json\/wp\/v2\/tags?post=3133"}],"curies":[{"name":"wp","href":"https:\/\/api.w.org\/{rel}","templated":true}]}}