{"id":3124,"date":"2026-04-24T16:46:21","date_gmt":"2026-04-24T14:46:21","guid":{"rendered":"https:\/\/agora.xtec.cat\/ceipnarcismonturiol\/?p=3124"},"modified":"2026-04-24T16:46:21","modified_gmt":"2026-04-24T14:46:21","slug":"sant-jordi-a-lescola-2","status":"publish","type":"post","link":"https:\/\/agora.xtec.cat\/ceipnarcismonturiol\/general\/sant-jordi-a-lescola-2\/","title":{"rendered":"SANT JORDI A L&#8217;ESCOLA!"},"content":{"rendered":"<p data-path-to-node=\"3\">L&#8217;escola s&#8217;ha omplert de vida per celebrar la Diada de Sant Jordi amb una jornada dedicada a la cultura. Els alumnes de <b data-path-to-node=\"3\" data-index-in-node=\"120\">5\u00e8 ens han emocionat amb la seva Marat\u00f3 Po\u00e8tica<\/b>, mentre que els de <b data-path-to-node=\"3\" data-index-in-node=\"187\">4t han fet bategar l&#8217;escola i el teatre al ritme de les sardanes<\/b>.<\/p>\n<p data-path-to-node=\"4\">A m\u00e9s, hem gaudit de la lectura a l&#8217;aire lliure amb la <b data-path-to-node=\"4\" data-index-in-node=\"55\">biblioteca al pati<\/b> i hem tancat la festa amb el nostre tradicional <b data-path-to-node=\"4\" data-index-in-node=\"122\">Concurs Literari<\/b>, on hem pogut comprovar el gran talent narratiu dels nostres infants. Una diada fant\u00e0stica per fomentar la tradici\u00f3 i el plaer de llegir!<\/p>\n<p data-path-to-node=\"4\"><a href=\"https:\/\/agora.xtec.cat\/ceipnarcismonturiol\/?p=3127&amp;preview=true\"><img loading=\"lazy\" decoding=\"async\" class=\"wp-image-3125 aligncenter\" src=\"https:\/\/agora.xtec.cat\/ceipnarcismonturiol\/wp-content\/uploads\/usu821\/2026\/04\/WhatsApp-Image-2026-04-24-at-16.33.32-1024x768.jpeg\" alt=\"\" width=\"558\" height=\"418\" srcset=\"https:\/\/agora.xtec.cat\/ceipnarcismonturiol\/wp-content\/uploads\/usu821\/2026\/04\/WhatsApp-Image-2026-04-24-at-16.33.32-1024x768.jpeg 1024w, https:\/\/agora.xtec.cat\/ceipnarcismonturiol\/wp-content\/uploads\/usu821\/2026\/04\/WhatsApp-Image-2026-04-24-at-16.33.32-300x225.jpeg 300w, https:\/\/agora.xtec.cat\/ceipnarcismonturiol\/wp-content\/uploads\/usu821\/2026\/04\/WhatsApp-Image-2026-04-24-at-16.33.32-768x576.jpeg 768w, https:\/\/agora.xtec.cat\/ceipnarcismonturiol\/wp-content\/uploads\/usu821\/2026\/04\/WhatsApp-Image-2026-04-24-at-16.33.32-1536x1152.jpeg 1536w, https:\/\/agora.xtec.cat\/ceipnarcismonturiol\/wp-content\/uploads\/usu821\/2026\/04\/WhatsApp-Image-2026-04-24-at-16.33.32-200x150.jpeg 200w, https:\/\/agora.xtec.cat\/ceipnarcismonturiol\/wp-content\/uploads\/usu821\/2026\/04\/WhatsApp-Image-2026-04-24-at-16.33.32.jpeg 1600w\" sizes=\"auto, (max-width: 558px) 100vw, 558px\" \/><\/a><strong>Recordem que per visualitzar les imatges vau rebre un \u201cTokApp\u201d amb el codi per a accedir-hi.<\/strong><\/p>\n","protected":false},"excerpt":{"rendered":"<p>L&#8217;escola s&#8217;ha omplert de vida per celebrar la Diada de Sant Jordi amb una jornada dedicada a la cultura. Els alumnes de 5\u00e8 ens han emocionat amb la seva Marat\u00f3 Po\u00e8tica, mentre que els de 4t han fet bategar l&#8217;escola i el teatre al ritme&hellip;  <a href=\"https:\/\/agora.xtec.cat\/ceipnarcismonturiol\/general\/sant-jordi-a-lescola-2\/\" title=\"Read SANT JORDI A L&#8217;ESCOLA!\">Llegeix m\u00e9s\u00bb<\/a><\/p>\n","protected":false},"author":1,"featured_media":3125,"comment_status":"closed","ping_status":"closed","sticky":false,"template":"","format":"standard","meta":{"_bbp_topic_count":0,"_bbp_reply_count":0,"_bbp_total_topic_count":0,"_bbp_total_reply_count":0,"_bbp_voice_count":0,"_bbp_anonymous_reply_count":0,"_bbp_topic_count_hidden":0,"_bbp_reply_count_hidden":0,"_bbp_forum_subforum_count":0,"footnotes":""},"categories":[1,2,4,5],"tags":[],"class_list":["post-3124","post","type-post","status-publish","format-standard","has-post-thumbnail","hentry","category-general","category-infantil","category-portada","category-primaria"],"post_mailing_queue_ids":[],"_links":{"self":[{"href":"https:\/\/agora.xtec.cat\/ceipnarcismonturiol\/wp-json\/wp\/v2\/posts\/3124","targetHints":{"allow":["GET"]}}],"collection":[{"href":"https:\/\/agora.xtec.cat\/ceipnarcismonturiol\/wp-json\/wp\/v2\/posts"}],"about":[{"href":"https:\/\/agora.xtec.cat\/ceipnarcismonturiol\/wp-json\/wp\/v2\/types\/post"}],"author":[{"embeddable":true,"href":"https:\/\/agora.xtec.cat\/ceipnarcismonturiol\/wp-json\/wp\/v2\/users\/1"}],"replies":[{"embeddable":true,"href":"https:\/\/agora.xtec.cat\/ceipnarcismonturiol\/wp-json\/wp\/v2\/comments?post=3124"}],"version-history":[{"count":1,"href":"https:\/\/agora.xtec.cat\/ceipnarcismonturiol\/wp-json\/wp\/v2\/posts\/3124\/revisions"}],"predecessor-version":[{"id":3129,"href":"https:\/\/agora.xtec.cat\/ceipnarcismonturiol\/wp-json\/wp\/v2\/posts\/3124\/revisions\/3129"}],"wp:featuredmedia":[{"embeddable":true,"href":"https:\/\/agora.xtec.cat\/ceipnarcismonturiol\/wp-json\/wp\/v2\/media\/3125"}],"wp:attachment":[{"href":"https:\/\/agora.xtec.cat\/ceipnarcismonturiol\/wp-json\/wp\/v2\/media?parent=3124"}],"wp:term":[{"taxonomy":"category","embeddable":true,"href":"https:\/\/agora.xtec.cat\/ceipnarcismonturiol\/wp-json\/wp\/v2\/categories?post=3124"},{"taxonomy":"post_tag","embeddable":true,"href":"https:\/\/agora.xtec.cat\/ceipnarcismonturiol\/wp-json\/wp\/v2\/tags?post=3124"}],"curies":[{"name":"wp","href":"https:\/\/api.w.org\/{rel}","templated":true}]}}