{"id":3119,"date":"2026-04-24T16:17:25","date_gmt":"2026-04-24T14:17:25","guid":{"rendered":"https:\/\/agora.xtec.cat\/ceipnarcismonturiol\/?p=3119"},"modified":"2026-04-24T16:34:46","modified_gmt":"2026-04-24T14:34:46","slug":"en-buski-lhome-del-bosc-i4","status":"publish","type":"post","link":"https:\/\/agora.xtec.cat\/ceipnarcismonturiol\/infantil\/en-buski-lhome-del-bosc-i4\/","title":{"rendered":"EN BUSKI, L&#8217;HOME DEL BOSC &#8211; I4"},"content":{"rendered":"<p><span style=\"font-weight: 400;\">Aquest dimecres, els nens i nenes d\u2019I4 vam gaudir d\u2019una sortida molt especial a la casa de col\u00f2nies Els Estanys, a Capmany.<\/span><\/p>\n<p><span style=\"font-weight: 400;\">All\u00e0 ens esperava una aventura molt emocionant: <\/span><i><span style=\"font-weight: 400;\">\u201cEn Buski, l\u2019home del bosc\u201d<\/span><\/i><span style=\"font-weight: 400;\">. En Buski ens va deixar un missatge misteri\u00f3s on ens convidava a convertir-nos en petits bosquerols. Acceptant el repte, ens vam endinsar al bosc per buscar pistes i superar diferents proves.<\/span><\/p>\n<p><span style=\"font-weight: 400;\">Al llarg del recorregut, vam observar la natura, treballar en equip i posar a prova les nostres habilitats per aconseguir tots els reptes. Amb esfor\u00e7 i il\u00b7lusi\u00f3, vam superar totes les proves i, finalment, vam aconseguir el nostre objectiu!<\/span><\/p>\n<p><span style=\"font-weight: 400;\">Per acabar l\u2019activitat, vam decorar el nostre propi penjoll de bosquerols, un record molt especial d\u2019aquesta gran aventura.<\/span><\/p>\n<p><span style=\"font-weight: 400;\">Va ser un dia ple d\u2019emocions, descobertes i diversi\u00f3\u2026 ens ho vam passar d\u2019all\u00f2 m\u00e9s b\u00e9!<\/span><\/p>\n<p><a href=\"https:\/\/agora.xtec.cat\/ceipnarcismonturiol\/?p=3120&amp;preview=true\"><img loading=\"lazy\" decoding=\"async\" class=\"size-full wp-image-3121 aligncenter\" src=\"https:\/\/agora.xtec.cat\/ceipnarcismonturiol\/wp-content\/uploads\/usu821\/2026\/04\/Captura-de-pantalla-2026-04-24-161618.png\" alt=\"\" width=\"578\" height=\"572\" srcset=\"https:\/\/agora.xtec.cat\/ceipnarcismonturiol\/wp-content\/uploads\/usu821\/2026\/04\/Captura-de-pantalla-2026-04-24-161618.png 578w, https:\/\/agora.xtec.cat\/ceipnarcismonturiol\/wp-content\/uploads\/usu821\/2026\/04\/Captura-de-pantalla-2026-04-24-161618-300x297.png 300w\" sizes=\"auto, (max-width: 578px) 100vw, 578px\" \/><\/a><\/p>\n<p><strong>Recordem que per visualitzar les imatges vau rebre un \u201cTokApp\u201d amb el codi per a accedir-hi.<\/strong><\/p>\n","protected":false},"excerpt":{"rendered":"<p>Aquest dimecres, els nens i nenes d\u2019I4 vam gaudir d\u2019una sortida molt especial a la casa de col\u00f2nies Els Estanys, a Capmany.<br \/>\nAll\u00e0 ens esperava una aventura molt emocionant: \u201cEn Buski, l\u2019home del bosc\u201d. En Buski ens va deixar un missatge misteri\u00f3s on ens convidava a&hellip;  <a href=\"https:\/\/agora.xtec.cat\/ceipnarcismonturiol\/infantil\/en-buski-lhome-del-bosc-i4\/\" title=\"Read EN BUSKI, L&#8217;HOME DEL BOSC &#8211; I4\">Llegeix m\u00e9s\u00bb<\/a><\/p>\n","protected":false},"author":1,"featured_media":3121,"comment_status":"closed","ping_status":"closed","sticky":false,"template":"","format":"standard","meta":{"_bbp_topic_count":0,"_bbp_reply_count":0,"_bbp_total_topic_count":0,"_bbp_total_reply_count":0,"_bbp_voice_count":0,"_bbp_anonymous_reply_count":0,"_bbp_topic_count_hidden":0,"_bbp_reply_count_hidden":0,"_bbp_forum_subforum_count":0,"footnotes":""},"categories":[8,2,4],"tags":[],"class_list":["post-3119","post","type-post","status-publish","format-standard","has-post-thumbnail","hentry","category-i4","category-infantil","category-portada"],"post_mailing_queue_ids":[],"_links":{"self":[{"href":"https:\/\/agora.xtec.cat\/ceipnarcismonturiol\/wp-json\/wp\/v2\/posts\/3119","targetHints":{"allow":["GET"]}}],"collection":[{"href":"https:\/\/agora.xtec.cat\/ceipnarcismonturiol\/wp-json\/wp\/v2\/posts"}],"about":[{"href":"https:\/\/agora.xtec.cat\/ceipnarcismonturiol\/wp-json\/wp\/v2\/types\/post"}],"author":[{"embeddable":true,"href":"https:\/\/agora.xtec.cat\/ceipnarcismonturiol\/wp-json\/wp\/v2\/users\/1"}],"replies":[{"embeddable":true,"href":"https:\/\/agora.xtec.cat\/ceipnarcismonturiol\/wp-json\/wp\/v2\/comments?post=3119"}],"version-history":[{"count":2,"href":"https:\/\/agora.xtec.cat\/ceipnarcismonturiol\/wp-json\/wp\/v2\/posts\/3119\/revisions"}],"predecessor-version":[{"id":3126,"href":"https:\/\/agora.xtec.cat\/ceipnarcismonturiol\/wp-json\/wp\/v2\/posts\/3119\/revisions\/3126"}],"wp:featuredmedia":[{"embeddable":true,"href":"https:\/\/agora.xtec.cat\/ceipnarcismonturiol\/wp-json\/wp\/v2\/media\/3121"}],"wp:attachment":[{"href":"https:\/\/agora.xtec.cat\/ceipnarcismonturiol\/wp-json\/wp\/v2\/media?parent=3119"}],"wp:term":[{"taxonomy":"category","embeddable":true,"href":"https:\/\/agora.xtec.cat\/ceipnarcismonturiol\/wp-json\/wp\/v2\/categories?post=3119"},{"taxonomy":"post_tag","embeddable":true,"href":"https:\/\/agora.xtec.cat\/ceipnarcismonturiol\/wp-json\/wp\/v2\/tags?post=3119"}],"curies":[{"name":"wp","href":"https:\/\/api.w.org\/{rel}","templated":true}]}}