{"id":3114,"date":"2026-04-21T21:54:08","date_gmt":"2026-04-21T19:54:08","guid":{"rendered":"https:\/\/agora.xtec.cat\/ceipnarcismonturiol\/?p=3114"},"modified":"2026-04-21T21:54:08","modified_gmt":"2026-04-21T19:54:08","slug":"exposicio-lurdes-ci","status":"publish","type":"post","link":"https:\/\/agora.xtec.cat\/ceipnarcismonturiol\/general\/exposicio-lurdes-ci\/","title":{"rendered":"EXPOSICI\u00d3 LURDES &#8211; CI"},"content":{"rendered":"<p data-path-to-node=\"2\">Aquesta setmana, els nens i nenes de Cicle Inicial hem gaudit d&#8217;una sortida d&#8217;aquelles que fan il\u00b7lusi\u00f3 al cor. Hem anat a visitar l&#8217;exposici\u00f3 de la Lurdes, que com molts sabeu, va ser mestra de la nostra escola durant molts anys.<\/p>\n<p data-path-to-node=\"3\">Ha estat un retrobament fant\u00e0stic. No nom\u00e9s hem pogut admirar el seu talent i la seva creativitat a trav\u00e9s de les seves obres, sin\u00f3 que tamb\u00e9 hem compartit una estona plena de somriures i records.<\/p>\n<p data-path-to-node=\"3\"><b data-path-to-node=\"4,0\" data-index-in-node=\"0\">&#8220;Ens ha encantat!&#8221;<\/b> \u2013 Aquest ha estat el sentiment general de l&#8217;alumnat en sortir de la sala. Veure com una persona tan estimada continua creant i compartint la seva passi\u00f3 ha estat una lli\u00e7\u00f3 de vida per a tots nosaltres.<\/p>\n<p data-path-to-node=\"3\"><a href=\"https:\/\/agora.xtec.cat\/ceipnarcismonturiol\/?p=3116&amp;preview=true\"><img loading=\"lazy\" decoding=\"async\" class=\"wp-image-3115 aligncenter\" src=\"https:\/\/agora.xtec.cat\/ceipnarcismonturiol\/wp-content\/uploads\/usu821\/2026\/04\/WhatsApp-Image-2026-04-21-at-21.49.36-756x1024.jpeg\" alt=\"\" width=\"526\" height=\"712\" srcset=\"https:\/\/agora.xtec.cat\/ceipnarcismonturiol\/wp-content\/uploads\/usu821\/2026\/04\/WhatsApp-Image-2026-04-21-at-21.49.36-756x1024.jpeg 756w, https:\/\/agora.xtec.cat\/ceipnarcismonturiol\/wp-content\/uploads\/usu821\/2026\/04\/WhatsApp-Image-2026-04-21-at-21.49.36-222x300.jpeg 222w, https:\/\/agora.xtec.cat\/ceipnarcismonturiol\/wp-content\/uploads\/usu821\/2026\/04\/WhatsApp-Image-2026-04-21-at-21.49.36-768x1040.jpeg 768w, https:\/\/agora.xtec.cat\/ceipnarcismonturiol\/wp-content\/uploads\/usu821\/2026\/04\/WhatsApp-Image-2026-04-21-at-21.49.36-1135x1536.jpeg 1135w, https:\/\/agora.xtec.cat\/ceipnarcismonturiol\/wp-content\/uploads\/usu821\/2026\/04\/WhatsApp-Image-2026-04-21-at-21.49.36.jpeg 1182w\" sizes=\"auto, (max-width: 526px) 100vw, 526px\" \/><\/a><\/p>\n<p data-path-to-node=\"3\"><strong>Recordem que per visualitzar les imatges vau rebre un \u201cTokApp\u201d amb el codi per a accedir-hi.<\/strong><\/p>\n","protected":false},"excerpt":{"rendered":"<p>Aquesta setmana, els nens i nenes de Cicle Inicial hem gaudit d&#8217;una sortida d&#8217;aquelles que fan il\u00b7lusi\u00f3 al cor. Hem anat a visitar l&#8217;exposici\u00f3 de la Lurdes, que com molts sabeu, va ser mestra de la nostra escola durant molts anys.<br \/>\nHa estat un retrobament fant\u00e0stic.&hellip;  <a href=\"https:\/\/agora.xtec.cat\/ceipnarcismonturiol\/general\/exposicio-lurdes-ci\/\" title=\"Read EXPOSICI\u00d3 LURDES &#8211; CI\">Llegeix m\u00e9s\u00bb<\/a><\/p>\n","protected":false},"author":1,"featured_media":3115,"comment_status":"closed","ping_status":"closed","sticky":false,"template":"","format":"standard","meta":{"_bbp_topic_count":0,"_bbp_reply_count":0,"_bbp_total_topic_count":0,"_bbp_total_reply_count":0,"_bbp_voice_count":0,"_bbp_anonymous_reply_count":0,"_bbp_topic_count_hidden":0,"_bbp_reply_count_hidden":0,"_bbp_forum_subforum_count":0,"footnotes":""},"categories":[10,1,4,5],"tags":[],"class_list":["post-3114","post","type-post","status-publish","format-standard","has-post-thumbnail","hentry","category-ci","category-general","category-portada","category-primaria"],"post_mailing_queue_ids":[],"_links":{"self":[{"href":"https:\/\/agora.xtec.cat\/ceipnarcismonturiol\/wp-json\/wp\/v2\/posts\/3114","targetHints":{"allow":["GET"]}}],"collection":[{"href":"https:\/\/agora.xtec.cat\/ceipnarcismonturiol\/wp-json\/wp\/v2\/posts"}],"about":[{"href":"https:\/\/agora.xtec.cat\/ceipnarcismonturiol\/wp-json\/wp\/v2\/types\/post"}],"author":[{"embeddable":true,"href":"https:\/\/agora.xtec.cat\/ceipnarcismonturiol\/wp-json\/wp\/v2\/users\/1"}],"replies":[{"embeddable":true,"href":"https:\/\/agora.xtec.cat\/ceipnarcismonturiol\/wp-json\/wp\/v2\/comments?post=3114"}],"version-history":[{"count":1,"href":"https:\/\/agora.xtec.cat\/ceipnarcismonturiol\/wp-json\/wp\/v2\/posts\/3114\/revisions"}],"predecessor-version":[{"id":3118,"href":"https:\/\/agora.xtec.cat\/ceipnarcismonturiol\/wp-json\/wp\/v2\/posts\/3114\/revisions\/3118"}],"wp:featuredmedia":[{"embeddable":true,"href":"https:\/\/agora.xtec.cat\/ceipnarcismonturiol\/wp-json\/wp\/v2\/media\/3115"}],"wp:attachment":[{"href":"https:\/\/agora.xtec.cat\/ceipnarcismonturiol\/wp-json\/wp\/v2\/media?parent=3114"}],"wp:term":[{"taxonomy":"category","embeddable":true,"href":"https:\/\/agora.xtec.cat\/ceipnarcismonturiol\/wp-json\/wp\/v2\/categories?post=3114"},{"taxonomy":"post_tag","embeddable":true,"href":"https:\/\/agora.xtec.cat\/ceipnarcismonturiol\/wp-json\/wp\/v2\/tags?post=3114"}],"curies":[{"name":"wp","href":"https:\/\/api.w.org\/{rel}","templated":true}]}}