{"id":3109,"date":"2026-04-17T17:26:51","date_gmt":"2026-04-17T15:26:51","guid":{"rendered":"https:\/\/agora.xtec.cat\/ceipnarcismonturiol\/?p=3109"},"modified":"2026-04-17T17:29:27","modified_gmt":"2026-04-17T15:29:27","slug":"la-cistella-del-mar-2n","status":"publish","type":"post","link":"https:\/\/agora.xtec.cat\/ceipnarcismonturiol\/general\/la-cistella-del-mar-2n\/","title":{"rendered":"LA CISTELLA DEL MAR &#8211; 2n"},"content":{"rendered":"<p><span style=\"font-weight: 400;\">Dimarts, els nens i nenes de segon van realitzar una sortida molt especial al port pesquer de Roses. Durant la visita, van tenir l\u2019oportunitat de con\u00e8ixer de primera m\u00e0 com funciona el m\u00f3n de la pesca en aquest municipi.<\/span><\/p>\n<p><span style=\"font-weight: 400;\">Els van explicar quin tipus de pesca es duu a terme a Roses, quines esp\u00e8cies marines es capturen i com \u00e9s tot el proc\u00e9s, des de la sortida dels vaixells fins a l\u2019arribada al port. Tamb\u00e9 van descobrir les eines i els tipus d\u2019embarcacions que utilitzen els pescadors en la seva feina di\u00e0ria.<\/span><\/p>\n<p><span style=\"font-weight: 400;\">Una de les parts m\u00e9s interessants de la jornada va ser con\u00e8ixer el funcionament de la subhasta del peix, on van poder veure com es realitza la venda del producte acabat d\u2019arribar del mar.<\/span><\/p>\n<p><span style=\"font-weight: 400;\">Va ser una experi\u00e8ncia molt enriquidora i divertida que ens ha perm\u00e8s apropar-nos al patrimoni mar\u00edtim de Roses i entendre millor la import\u00e0ncia de la pesca en aquest entorn.<\/span><\/p>\n<p><span style=\"font-weight: 400;\">Ens ho vam passar molt b\u00e9 i vam aprendre molt!<\/span><\/p>\n<p><a href=\"https:\/\/agora.xtec.cat\/ceipnarcismonturiol\/wp-content\/uploads\/usu821\/2026\/04\/Captura-de-pantalla-2026-04-17-172505.png\"><img loading=\"lazy\" decoding=\"async\" class=\" wp-image-3110 aligncenter\" src=\"https:\/\/agora.xtec.cat\/ceipnarcismonturiol\/wp-content\/uploads\/usu821\/2026\/04\/Captura-de-pantalla-2026-04-17-172505.png\" alt=\"\" width=\"447\" height=\"390\" srcset=\"https:\/\/agora.xtec.cat\/ceipnarcismonturiol\/wp-content\/uploads\/usu821\/2026\/04\/Captura-de-pantalla-2026-04-17-172505.png 533w, https:\/\/agora.xtec.cat\/ceipnarcismonturiol\/wp-content\/uploads\/usu821\/2026\/04\/Captura-de-pantalla-2026-04-17-172505-300x262.png 300w\" sizes=\"auto, (max-width: 447px) 100vw, 447px\" \/><\/a><\/p>\n<p><strong>Recordem que per visualitzar les imatges vau rebre un \u201cTokApp\u201d amb el codi per a accedir-hi.<\/strong><\/p>\n","protected":false},"excerpt":{"rendered":"<p>Dimarts, els nens i nenes de segon van realitzar una sortida molt especial al port pesquer de Roses. Durant la visita, van tenir l\u2019oportunitat de con\u00e8ixer de primera m\u00e0 com funciona el m\u00f3n de la pesca en aquest municipi.<br \/>\nEls van explicar quin tipus de pesca&hellip;  <a href=\"https:\/\/agora.xtec.cat\/ceipnarcismonturiol\/general\/la-cistella-del-mar-2n\/\" title=\"Read LA CISTELLA DEL MAR &#8211; 2n\">Llegeix m\u00e9s\u00bb<\/a><\/p>\n","protected":false},"author":1,"featured_media":3110,"comment_status":"closed","ping_status":"closed","sticky":false,"template":"","format":"standard","meta":{"_bbp_topic_count":0,"_bbp_reply_count":0,"_bbp_total_topic_count":0,"_bbp_total_reply_count":0,"_bbp_voice_count":0,"_bbp_anonymous_reply_count":0,"_bbp_topic_count_hidden":0,"_bbp_reply_count_hidden":0,"_bbp_forum_subforum_count":0,"footnotes":""},"categories":[10,1,4,5],"tags":[],"class_list":["post-3109","post","type-post","status-publish","format-standard","has-post-thumbnail","hentry","category-ci","category-general","category-portada","category-primaria"],"post_mailing_queue_ids":[],"_links":{"self":[{"href":"https:\/\/agora.xtec.cat\/ceipnarcismonturiol\/wp-json\/wp\/v2\/posts\/3109","targetHints":{"allow":["GET"]}}],"collection":[{"href":"https:\/\/agora.xtec.cat\/ceipnarcismonturiol\/wp-json\/wp\/v2\/posts"}],"about":[{"href":"https:\/\/agora.xtec.cat\/ceipnarcismonturiol\/wp-json\/wp\/v2\/types\/post"}],"author":[{"embeddable":true,"href":"https:\/\/agora.xtec.cat\/ceipnarcismonturiol\/wp-json\/wp\/v2\/users\/1"}],"replies":[{"embeddable":true,"href":"https:\/\/agora.xtec.cat\/ceipnarcismonturiol\/wp-json\/wp\/v2\/comments?post=3109"}],"version-history":[{"count":1,"href":"https:\/\/agora.xtec.cat\/ceipnarcismonturiol\/wp-json\/wp\/v2\/posts\/3109\/revisions"}],"predecessor-version":[{"id":3113,"href":"https:\/\/agora.xtec.cat\/ceipnarcismonturiol\/wp-json\/wp\/v2\/posts\/3109\/revisions\/3113"}],"wp:featuredmedia":[{"embeddable":true,"href":"https:\/\/agora.xtec.cat\/ceipnarcismonturiol\/wp-json\/wp\/v2\/media\/3110"}],"wp:attachment":[{"href":"https:\/\/agora.xtec.cat\/ceipnarcismonturiol\/wp-json\/wp\/v2\/media?parent=3109"}],"wp:term":[{"taxonomy":"category","embeddable":true,"href":"https:\/\/agora.xtec.cat\/ceipnarcismonturiol\/wp-json\/wp\/v2\/categories?post=3109"},{"taxonomy":"post_tag","embeddable":true,"href":"https:\/\/agora.xtec.cat\/ceipnarcismonturiol\/wp-json\/wp\/v2\/tags?post=3109"}],"curies":[{"name":"wp","href":"https:\/\/api.w.org\/{rel}","templated":true}]}}