{"id":3097,"date":"2026-04-17T17:17:04","date_gmt":"2026-04-17T15:17:04","guid":{"rendered":"https:\/\/agora.xtec.cat\/ceipnarcismonturiol\/?p=3097"},"modified":"2026-04-17T17:17:04","modified_gmt":"2026-04-17T15:17:04","slug":"exposicio-lurdes-i4","status":"publish","type":"post","link":"https:\/\/agora.xtec.cat\/ceipnarcismonturiol\/general\/exposicio-lurdes-i4\/","title":{"rendered":"EXPOSICI\u00d3 LURDES &#8211; I4"},"content":{"rendered":"<p><span style=\"font-weight: 400;\">Els nens i nenes d\u2019I4 i I5 hem fet una sortida molt especial a la Sala d\u2019Exposicions Ca l\u2019Anita, un espai cultural del poble ple d\u2019art.\u00a0<\/span><\/p>\n<p><span style=\"font-weight: 400;\">Hem anat a visitar una exposici\u00f3 molt significativa: les obres d\u2019una antiga mestra de l\u2019escola, la Lurdes. Ha estat una experi\u00e8ncia molt enriquidora, ja que ella mateixa ens ha acompanyat durant la visita i ens ha explicat, amb molta estima, els diferents quadres que hi havia exposats.<\/span><\/p>\n<p><span style=\"font-weight: 400;\">Els infants han pogut descobrir les t\u00e8cniques que ha utilitzat en cada obra, els materials, els colors i, sobretot, les hist\u00f2ries que s\u2019amaguen darrere de cada creaci\u00f3.\u00a0<\/span><\/p>\n<p><span style=\"font-weight: 400;\">Aquesta sortida ens ha perm\u00e8s apropar-nos al m\u00f3n art\u00edstic d\u2019una manera vivencial i propera, valorant l\u2019art com una forma d\u2019expressi\u00f3 i comunicaci\u00f3.<\/span><\/p>\n<p><span style=\"font-weight: 400;\">Ha estat una experi\u00e8ncia molt i molt interessant que segur que ens inspirar\u00e0 en les nostres pr\u00f2pies creacions a l\u2019aula!<\/span><\/p>\n<p><a href=\"https:\/\/agora.xtec.cat\/ceipnarcismonturiol\/?p=3099&amp;preview=true\"><img loading=\"lazy\" decoding=\"async\" class=\"wp-image-3098 aligncenter\" src=\"https:\/\/agora.xtec.cat\/ceipnarcismonturiol\/wp-content\/uploads\/usu821\/2026\/04\/Captura-de-pantalla-2026-04-17-171409.png\" alt=\"\" width=\"290\" height=\"360\" srcset=\"https:\/\/agora.xtec.cat\/ceipnarcismonturiol\/wp-content\/uploads\/usu821\/2026\/04\/Captura-de-pantalla-2026-04-17-171409.png 428w, https:\/\/agora.xtec.cat\/ceipnarcismonturiol\/wp-content\/uploads\/usu821\/2026\/04\/Captura-de-pantalla-2026-04-17-171409-242x300.png 242w\" sizes=\"auto, (max-width: 290px) 100vw, 290px\" \/><\/a><strong>Recordem que per visualitzar les imatges vau rebre un \u201cTokApp\u201d amb el codi per a accedir-hi.<\/strong><\/p>\n","protected":false},"excerpt":{"rendered":"<p>Els nens i nenes d\u2019I4 i I5 hem fet una sortida molt especial a la Sala d\u2019Exposicions Ca l\u2019Anita, un espai cultural del poble ple d\u2019art.\u00a0<br \/>\nHem anat a visitar una exposici\u00f3 molt significativa: les obres d\u2019una antiga mestra de l\u2019escola, la Lurdes. Ha estat una&hellip;  <a href=\"https:\/\/agora.xtec.cat\/ceipnarcismonturiol\/general\/exposicio-lurdes-i4\/\" title=\"Read EXPOSICI\u00d3 LURDES &#8211; I4\">Llegeix m\u00e9s\u00bb<\/a><\/p>\n","protected":false},"author":1,"featured_media":3098,"comment_status":"closed","ping_status":"closed","sticky":false,"template":"","format":"standard","meta":{"_bbp_topic_count":0,"_bbp_reply_count":0,"_bbp_total_topic_count":0,"_bbp_total_reply_count":0,"_bbp_voice_count":0,"_bbp_anonymous_reply_count":0,"_bbp_topic_count_hidden":0,"_bbp_reply_count_hidden":0,"_bbp_forum_subforum_count":0,"footnotes":""},"categories":[1,8,2,4],"tags":[],"class_list":["post-3097","post","type-post","status-publish","format-standard","has-post-thumbnail","hentry","category-general","category-i4","category-infantil","category-portada"],"post_mailing_queue_ids":[],"_links":{"self":[{"href":"https:\/\/agora.xtec.cat\/ceipnarcismonturiol\/wp-json\/wp\/v2\/posts\/3097","targetHints":{"allow":["GET"]}}],"collection":[{"href":"https:\/\/agora.xtec.cat\/ceipnarcismonturiol\/wp-json\/wp\/v2\/posts"}],"about":[{"href":"https:\/\/agora.xtec.cat\/ceipnarcismonturiol\/wp-json\/wp\/v2\/types\/post"}],"author":[{"embeddable":true,"href":"https:\/\/agora.xtec.cat\/ceipnarcismonturiol\/wp-json\/wp\/v2\/users\/1"}],"replies":[{"embeddable":true,"href":"https:\/\/agora.xtec.cat\/ceipnarcismonturiol\/wp-json\/wp\/v2\/comments?post=3097"}],"version-history":[{"count":1,"href":"https:\/\/agora.xtec.cat\/ceipnarcismonturiol\/wp-json\/wp\/v2\/posts\/3097\/revisions"}],"predecessor-version":[{"id":3101,"href":"https:\/\/agora.xtec.cat\/ceipnarcismonturiol\/wp-json\/wp\/v2\/posts\/3097\/revisions\/3101"}],"wp:featuredmedia":[{"embeddable":true,"href":"https:\/\/agora.xtec.cat\/ceipnarcismonturiol\/wp-json\/wp\/v2\/media\/3098"}],"wp:attachment":[{"href":"https:\/\/agora.xtec.cat\/ceipnarcismonturiol\/wp-json\/wp\/v2\/media?parent=3097"}],"wp:term":[{"taxonomy":"category","embeddable":true,"href":"https:\/\/agora.xtec.cat\/ceipnarcismonturiol\/wp-json\/wp\/v2\/categories?post=3097"},{"taxonomy":"post_tag","embeddable":true,"href":"https:\/\/agora.xtec.cat\/ceipnarcismonturiol\/wp-json\/wp\/v2\/tags?post=3097"}],"curies":[{"name":"wp","href":"https:\/\/api.w.org\/{rel}","templated":true}]}}