{"id":3082,"date":"2026-04-10T17:21:10","date_gmt":"2026-04-10T15:21:10","guid":{"rendered":"https:\/\/agora.xtec.cat\/ceipnarcismonturiol\/?p=3082"},"modified":"2026-04-10T17:21:10","modified_gmt":"2026-04-10T15:21:10","slug":"parc-astronomic-albanya-3r","status":"publish","type":"post","link":"https:\/\/agora.xtec.cat\/ceipnarcismonturiol\/general\/parc-astronomic-albanya-3r\/","title":{"rendered":"PARC ASTRON\u00d2MIC ALBANY\u00c0 &#8211; 3r"},"content":{"rendered":"<p><span style=\"font-weight: 400;\">El dijous 9 d\u2019abril, l\u2019alumnat de 3r vam fer una sortida a Albany\u00e0 que va marcar el tret de sortida del nou projecte que iniciarem aquest tercer trimestre a l\u2019\u00e0rea de medi, centrat en l\u2019univers. Aquesta experi\u00e8ncia ens va permetre comen\u00e7ar a endinsar-nos en aquest nou tema d\u2019una manera vivencial, motivadora i molt enriquidora.<\/span><\/p>\n<p><span style=\"font-weight: 400;\">Al llarg de la jornada, vam descobrir moltes curiositats sobre els planetes del sistema solar. Vam aprendre caracter\u00edstiques pr\u00f2pies de cadascun d\u2019ells, com ara la seva mida, la seva composici\u00f3 o la seva dist\u00e0ncia respecte al Sol, i vam poder comparar-los per entendre millor les seves difer\u00e8ncies. A trav\u00e9s de diferents activitats pr\u00e0ctiques i experiments, vam observar alguns fen\u00f2mens que ens van ajudar a comprendre conceptes que fins ara nom\u00e9s hav\u00edem vist a l\u2019aula.<\/span><\/p>\n<p><span style=\"font-weight: 400;\">Una de les experi\u00e8ncies m\u00e9s destacades del dia va ser l\u2019observaci\u00f3 del Sol. Abans de fer-ho, ens van explicar la import\u00e0ncia de protegir correctament la vista, ja que mirar el Sol directament \u00e9s molt perill\u00f3s. Per aquest motiu, vam utilitzar un telescopi equipat amb filtres especials que ens va permetre observar-lo de manera segura. Va ser un moment molt emocionant, ja que no cada dia tenim l\u2019oportunitat de veure el Sol amb tant de detall.<\/span><\/p>\n<p><span style=\"font-weight: 400;\">Tamb\u00e9 vam con\u00e8ixer m\u00e9s curiositats sobre l\u2019exploraci\u00f3 espacial actual, especialment sobre la missi\u00f3 Artemis II. Ens van explicar quins s\u00f3n els seus objectius i la import\u00e0ncia que t\u00e9 dins del futur de les missions espacials tripulades.\u00a0<\/span><\/p>\n<p><span style=\"font-weight: 400;\">A m\u00e9s de tot l\u2019aprenentatge cient\u00edfic, vam gaudir d\u2019un entorn natural molt bonic, que va fer que la sortida fos encara m\u00e9s especial. El contacte amb la natura, el bon temps i el fet de compartir l\u2019experi\u00e8ncia amb els companys i companyes van contribuir a crear un ambient molt positiu.<\/span><\/p>\n<p><span style=\"font-weight: 400;\">En definitiva, va ser una sortida molt completa que ens ha despertat encara m\u00e9s l\u2019inter\u00e8s per l\u2019univers i tot el que ens queda per descobrir. Aquesta jornada ens ha deixat amb moltes ganes de continuar aprenent i investigant al llarg del projecte d\u2019aquest trimestre.<\/span><\/p>\n<p><a href=\"https:\/\/agora.xtec.cat\/ceipnarcismonturiol\/?p=3084&amp;preview=true\"><img loading=\"lazy\" decoding=\"async\" class=\"wp-image-3083 aligncenter\" src=\"https:\/\/agora.xtec.cat\/ceipnarcismonturiol\/wp-content\/uploads\/usu821\/2026\/04\/Captura-de-pantalla-2026-04-10-171926.png\" alt=\"\" width=\"302\" height=\"376\" srcset=\"https:\/\/agora.xtec.cat\/ceipnarcismonturiol\/wp-content\/uploads\/usu821\/2026\/04\/Captura-de-pantalla-2026-04-10-171926.png 490w, https:\/\/agora.xtec.cat\/ceipnarcismonturiol\/wp-content\/uploads\/usu821\/2026\/04\/Captura-de-pantalla-2026-04-10-171926-241x300.png 241w\" sizes=\"auto, (max-width: 302px) 100vw, 302px\" \/><\/a><\/p>\n<p><strong>Recordem que per visualitzar les imatges vau rebre un \u201cTokApp\u201d amb el codi per a accedir-hi.<\/strong><\/p>\n","protected":false},"excerpt":{"rendered":"<p>El dijous 9 d\u2019abril, l\u2019alumnat de 3r vam fer una sortida a Albany\u00e0 que va marcar el tret de sortida del nou projecte que iniciarem aquest tercer trimestre a l\u2019\u00e0rea de medi, centrat en l\u2019univers. Aquesta experi\u00e8ncia ens va permetre comen\u00e7ar a endinsar-nos en aquest&hellip;  <a href=\"https:\/\/agora.xtec.cat\/ceipnarcismonturiol\/general\/parc-astronomic-albanya-3r\/\" title=\"Read PARC ASTRON\u00d2MIC ALBANY\u00c0 &#8211; 3r\">Llegeix m\u00e9s\u00bb<\/a><\/p>\n","protected":false},"author":1,"featured_media":3083,"comment_status":"closed","ping_status":"closed","sticky":false,"template":"","format":"standard","meta":{"_bbp_topic_count":0,"_bbp_reply_count":0,"_bbp_total_topic_count":0,"_bbp_total_reply_count":0,"_bbp_voice_count":0,"_bbp_anonymous_reply_count":0,"_bbp_topic_count_hidden":0,"_bbp_reply_count_hidden":0,"_bbp_forum_subforum_count":0,"footnotes":""},"categories":[12,1,4,5],"tags":[],"class_list":["post-3082","post","type-post","status-publish","format-standard","has-post-thumbnail","hentry","category-cm","category-general","category-portada","category-primaria"],"post_mailing_queue_ids":[],"_links":{"self":[{"href":"https:\/\/agora.xtec.cat\/ceipnarcismonturiol\/wp-json\/wp\/v2\/posts\/3082","targetHints":{"allow":["GET"]}}],"collection":[{"href":"https:\/\/agora.xtec.cat\/ceipnarcismonturiol\/wp-json\/wp\/v2\/posts"}],"about":[{"href":"https:\/\/agora.xtec.cat\/ceipnarcismonturiol\/wp-json\/wp\/v2\/types\/post"}],"author":[{"embeddable":true,"href":"https:\/\/agora.xtec.cat\/ceipnarcismonturiol\/wp-json\/wp\/v2\/users\/1"}],"replies":[{"embeddable":true,"href":"https:\/\/agora.xtec.cat\/ceipnarcismonturiol\/wp-json\/wp\/v2\/comments?post=3082"}],"version-history":[{"count":1,"href":"https:\/\/agora.xtec.cat\/ceipnarcismonturiol\/wp-json\/wp\/v2\/posts\/3082\/revisions"}],"predecessor-version":[{"id":3085,"href":"https:\/\/agora.xtec.cat\/ceipnarcismonturiol\/wp-json\/wp\/v2\/posts\/3082\/revisions\/3085"}],"wp:featuredmedia":[{"embeddable":true,"href":"https:\/\/agora.xtec.cat\/ceipnarcismonturiol\/wp-json\/wp\/v2\/media\/3083"}],"wp:attachment":[{"href":"https:\/\/agora.xtec.cat\/ceipnarcismonturiol\/wp-json\/wp\/v2\/media?parent=3082"}],"wp:term":[{"taxonomy":"category","embeddable":true,"href":"https:\/\/agora.xtec.cat\/ceipnarcismonturiol\/wp-json\/wp\/v2\/categories?post=3082"},{"taxonomy":"post_tag","embeddable":true,"href":"https:\/\/agora.xtec.cat\/ceipnarcismonturiol\/wp-json\/wp\/v2\/tags?post=3082"}],"curies":[{"name":"wp","href":"https:\/\/api.w.org\/{rel}","templated":true}]}}