{"id":3072,"date":"2026-04-10T17:04:51","date_gmt":"2026-04-10T15:04:51","guid":{"rendered":"https:\/\/agora.xtec.cat\/ceipnarcismonturiol\/?p=3072"},"modified":"2026-04-10T17:08:50","modified_gmt":"2026-04-10T15:08:50","slug":"sortida-per-lentorn-4t","status":"publish","type":"post","link":"https:\/\/agora.xtec.cat\/ceipnarcismonturiol\/general\/sortida-per-lentorn-4t\/","title":{"rendered":"SORTIDA PER L&#8217;ENTORN &#8211; 4t"},"content":{"rendered":"<p><span style=\"font-weight: 400;\">Avui els alumnes de 4t han gaudit d\u2019una excursi\u00f3 per l\u2019entorn proper, una experi\u00e8ncia enriquidora que ha combinat natura i conviv\u00e8ncia intergeneracional.<\/span><\/p>\n<p><span style=\"font-weight: 400;\">Aquesta activitat ha tingut com a objectiu fomentar la interacci\u00f3 entre els nens i nenes i els seus avis i \u00e0vies.<\/span><\/p>\n<p><span style=\"font-weight: 400;\">La sortida ha estat una gran oportunitat per promoure l\u2019aprenentatge sobre la biodiversitat i prendre consci\u00e8ncia de la import\u00e0ncia de preservar la natura. Al mateix temps, s\u2019ha contribu\u00eft a reduir l\u2019escletxa digital entre generacions, compartint coneixements i experi\u00e8ncies.\u00a0<\/span><\/p>\n<p><span style=\"font-weight: 400;\">Al llarg del recorregut, l\u2019expert en natura i medi ambient ens ha ensenyat i explicat amb detall diferents tipus d\u2019arbres i plantes, aix\u00ed com la import\u00e0ncia de recon\u00e8ixer les plantes invasores i l\u2019impacte que poden tenir sobre els ecosistemes. Tamb\u00e9 hem pogut observar diversos insectes i ocells, aprenent a identificar-los i a entendre el paper fonamental que tenen dins de la biodiversitat.<\/span><\/p>\n<p><span style=\"font-weight: 400;\">L\u2019activitat ha estat guiada en tot moment per aquest t\u00e8cnic especialitzat, que ha sabut despertar la curiositat i l\u2019inter\u00e8s de tots els participants.<\/span><\/p>\n<p><span style=\"font-weight: 400;\">Ha estat una jornada molt profitosa, plena de descobertes i aprenentatges compartits!\u00a0<\/span><\/p>\n<p><a href=\"https:\/\/agora.xtec.cat\/ceipnarcismonturiol\/?p=3074&amp;preview=true\"><img loading=\"lazy\" decoding=\"async\" class=\"alignnone wp-image-3073 aligncenter\" src=\"https:\/\/agora.xtec.cat\/ceipnarcismonturiol\/wp-content\/uploads\/usu821\/2026\/04\/Captura-de-pantalla-2026-04-10-170007.png\" alt=\"\" width=\"399\" height=\"304\" srcset=\"https:\/\/agora.xtec.cat\/ceipnarcismonturiol\/wp-content\/uploads\/usu821\/2026\/04\/Captura-de-pantalla-2026-04-10-170007.png 837w, https:\/\/agora.xtec.cat\/ceipnarcismonturiol\/wp-content\/uploads\/usu821\/2026\/04\/Captura-de-pantalla-2026-04-10-170007-300x228.png 300w, https:\/\/agora.xtec.cat\/ceipnarcismonturiol\/wp-content\/uploads\/usu821\/2026\/04\/Captura-de-pantalla-2026-04-10-170007-768x584.png 768w\" sizes=\"auto, (max-width: 399px) 100vw, 399px\" \/><\/a><strong>Recordem que per visualitzar les imatges vau rebre un \u201cTokApp\u201d amb el codi per a accedir-hi.<\/strong><\/p>\n","protected":false},"excerpt":{"rendered":"<p>Avui els alumnes de 4t han gaudit d\u2019una excursi\u00f3 per l\u2019entorn proper, una experi\u00e8ncia enriquidora que ha combinat natura i conviv\u00e8ncia intergeneracional.<br \/>\nAquesta activitat ha tingut com a objectiu fomentar la interacci\u00f3 entre els nens i nenes i els seus avis i \u00e0vies.<br \/>\nLa sortida ha estat&hellip;  <a href=\"https:\/\/agora.xtec.cat\/ceipnarcismonturiol\/general\/sortida-per-lentorn-4t\/\" title=\"Read SORTIDA PER L&#8217;ENTORN &#8211; 4t\">Llegeix m\u00e9s\u00bb<\/a><\/p>\n","protected":false},"author":1,"featured_media":3073,"comment_status":"closed","ping_status":"closed","sticky":false,"template":"","format":"standard","meta":{"_bbp_topic_count":0,"_bbp_reply_count":0,"_bbp_total_topic_count":0,"_bbp_total_reply_count":0,"_bbp_voice_count":0,"_bbp_anonymous_reply_count":0,"_bbp_topic_count_hidden":0,"_bbp_reply_count_hidden":0,"_bbp_forum_subforum_count":0,"footnotes":""},"categories":[12,1,4,5],"tags":[],"class_list":["post-3072","post","type-post","status-publish","format-standard","has-post-thumbnail","hentry","category-cm","category-general","category-portada","category-primaria"],"post_mailing_queue_ids":[],"_links":{"self":[{"href":"https:\/\/agora.xtec.cat\/ceipnarcismonturiol\/wp-json\/wp\/v2\/posts\/3072","targetHints":{"allow":["GET"]}}],"collection":[{"href":"https:\/\/agora.xtec.cat\/ceipnarcismonturiol\/wp-json\/wp\/v2\/posts"}],"about":[{"href":"https:\/\/agora.xtec.cat\/ceipnarcismonturiol\/wp-json\/wp\/v2\/types\/post"}],"author":[{"embeddable":true,"href":"https:\/\/agora.xtec.cat\/ceipnarcismonturiol\/wp-json\/wp\/v2\/users\/1"}],"replies":[{"embeddable":true,"href":"https:\/\/agora.xtec.cat\/ceipnarcismonturiol\/wp-json\/wp\/v2\/comments?post=3072"}],"version-history":[{"count":1,"href":"https:\/\/agora.xtec.cat\/ceipnarcismonturiol\/wp-json\/wp\/v2\/posts\/3072\/revisions"}],"predecessor-version":[{"id":3075,"href":"https:\/\/agora.xtec.cat\/ceipnarcismonturiol\/wp-json\/wp\/v2\/posts\/3072\/revisions\/3075"}],"wp:featuredmedia":[{"embeddable":true,"href":"https:\/\/agora.xtec.cat\/ceipnarcismonturiol\/wp-json\/wp\/v2\/media\/3073"}],"wp:attachment":[{"href":"https:\/\/agora.xtec.cat\/ceipnarcismonturiol\/wp-json\/wp\/v2\/media?parent=3072"}],"wp:term":[{"taxonomy":"category","embeddable":true,"href":"https:\/\/agora.xtec.cat\/ceipnarcismonturiol\/wp-json\/wp\/v2\/categories?post=3072"},{"taxonomy":"post_tag","embeddable":true,"href":"https:\/\/agora.xtec.cat\/ceipnarcismonturiol\/wp-json\/wp\/v2\/tags?post=3072"}],"curies":[{"name":"wp","href":"https:\/\/api.w.org\/{rel}","templated":true}]}}