{"id":3060,"date":"2026-03-26T17:31:10","date_gmt":"2026-03-26T16:31:10","guid":{"rendered":"https:\/\/agora.xtec.cat\/ceipnarcismonturiol\/?p=3060"},"modified":"2026-03-27T17:35:01","modified_gmt":"2026-03-27T16:35:01","slug":"paraules-amables-4t","status":"publish","type":"post","link":"https:\/\/agora.xtec.cat\/ceipnarcismonturiol\/general\/paraules-amables-4t\/","title":{"rendered":"PARAULES AMABLES &#8211; 4t"},"content":{"rendered":"<p><span style=\"font-weight: 400;\">El passat dijous 26 de mar\u00e7, l\u2019alumnat va participar en una activitat molt especial dins del programa <\/span><i><span style=\"font-weight: 400;\">Sigues tu<\/span><\/i><span style=\"font-weight: 400;\">, centrada en la import\u00e0ncia de les paraules amables i el bon tracte entre companys i companyes.<\/span><\/p>\n<p><span style=\"font-weight: 400;\">Durant la sessi\u00f3, vam reflexionar sobre com ens fan sentir les paraules que rebem dels altres i com, amb petits gestos i missatges positius, podem contribuir a crear un ambient m\u00e9s agradable i respectu\u00f3s a l\u2019aula. A trav\u00e9s de diferents din\u00e0miques, els infants van poder expressar qualitats positives dels seus companys, refor\u00e7ant l\u2019autoestima i els vincles de grup.<\/span><\/p>\n<p><span style=\"font-weight: 400;\">L\u2019activitat va ser molt enriquidora, ja que va afavorir la cohesi\u00f3 del grup i va ajudar a prendre consci\u00e8ncia del poder que tenen les paraules en el nostre dia a dia.<\/span><\/p>\n<p><span style=\"font-weight: 400;\">Continuarem treballant aquests valors al llarg del curs per fomentar una conviv\u00e8ncia basada en el respecte, l\u2019empatia i la cura dels altres.<\/span><\/p>\n<p style=\"text-align: center;\"><a href=\"https:\/\/agora.xtec.cat\/ceipnarcismonturiol\/?p=3061&amp;preview=true\"><img loading=\"lazy\" decoding=\"async\" class=\"alignnone size-full wp-image-3063\" src=\"https:\/\/agora.xtec.cat\/ceipnarcismonturiol\/wp-content\/uploads\/usu821\/2026\/03\/Captura-de-pantalla-2026-03-27-173225.png\" alt=\"\" width=\"551\" height=\"408\" srcset=\"https:\/\/agora.xtec.cat\/ceipnarcismonturiol\/wp-content\/uploads\/usu821\/2026\/03\/Captura-de-pantalla-2026-03-27-173225.png 551w, https:\/\/agora.xtec.cat\/ceipnarcismonturiol\/wp-content\/uploads\/usu821\/2026\/03\/Captura-de-pantalla-2026-03-27-173225-300x222.png 300w\" sizes=\"auto, (max-width: 551px) 100vw, 551px\" \/><\/a><\/p>\n<p><strong>Recordem que per visualitzar les imatges vau rebre un \u201cTokApp\u201d amb el codi per a accedir-hi.<\/strong><\/p>\n","protected":false},"excerpt":{"rendered":"<p>El passat dijous 26 de mar\u00e7, l\u2019alumnat va participar en una activitat molt especial dins del programa Sigues tu, centrada en la import\u00e0ncia de les paraules amables i el bon tracte entre companys i companyes.<br \/>\nDurant la sessi\u00f3, vam reflexionar sobre com ens fan sentir les&hellip;  <a href=\"https:\/\/agora.xtec.cat\/ceipnarcismonturiol\/general\/paraules-amables-4t\/\" title=\"Read PARAULES AMABLES &#8211; 4t\">Llegeix m\u00e9s\u00bb<\/a><\/p>\n","protected":false},"author":1,"featured_media":3063,"comment_status":"closed","ping_status":"closed","sticky":false,"template":"","format":"standard","meta":{"_bbp_topic_count":0,"_bbp_reply_count":0,"_bbp_total_topic_count":0,"_bbp_total_reply_count":0,"_bbp_voice_count":0,"_bbp_anonymous_reply_count":0,"_bbp_topic_count_hidden":0,"_bbp_reply_count_hidden":0,"_bbp_forum_subforum_count":0,"footnotes":""},"categories":[1,4,5],"tags":[],"class_list":["post-3060","post","type-post","status-publish","format-standard","has-post-thumbnail","hentry","category-general","category-portada","category-primaria"],"post_mailing_queue_ids":[],"_links":{"self":[{"href":"https:\/\/agora.xtec.cat\/ceipnarcismonturiol\/wp-json\/wp\/v2\/posts\/3060","targetHints":{"allow":["GET"]}}],"collection":[{"href":"https:\/\/agora.xtec.cat\/ceipnarcismonturiol\/wp-json\/wp\/v2\/posts"}],"about":[{"href":"https:\/\/agora.xtec.cat\/ceipnarcismonturiol\/wp-json\/wp\/v2\/types\/post"}],"author":[{"embeddable":true,"href":"https:\/\/agora.xtec.cat\/ceipnarcismonturiol\/wp-json\/wp\/v2\/users\/1"}],"replies":[{"embeddable":true,"href":"https:\/\/agora.xtec.cat\/ceipnarcismonturiol\/wp-json\/wp\/v2\/comments?post=3060"}],"version-history":[{"count":1,"href":"https:\/\/agora.xtec.cat\/ceipnarcismonturiol\/wp-json\/wp\/v2\/posts\/3060\/revisions"}],"predecessor-version":[{"id":3064,"href":"https:\/\/agora.xtec.cat\/ceipnarcismonturiol\/wp-json\/wp\/v2\/posts\/3060\/revisions\/3064"}],"wp:featuredmedia":[{"embeddable":true,"href":"https:\/\/agora.xtec.cat\/ceipnarcismonturiol\/wp-json\/wp\/v2\/media\/3063"}],"wp:attachment":[{"href":"https:\/\/agora.xtec.cat\/ceipnarcismonturiol\/wp-json\/wp\/v2\/media?parent=3060"}],"wp:term":[{"taxonomy":"category","embeddable":true,"href":"https:\/\/agora.xtec.cat\/ceipnarcismonturiol\/wp-json\/wp\/v2\/categories?post=3060"},{"taxonomy":"post_tag","embeddable":true,"href":"https:\/\/agora.xtec.cat\/ceipnarcismonturiol\/wp-json\/wp\/v2\/tags?post=3060"}],"curies":[{"name":"wp","href":"https:\/\/api.w.org\/{rel}","templated":true}]}}